{"id":1050,"date":"2024-11-30T14:36:16","date_gmt":"2024-11-30T17:36:16","guid":{"rendered":"https:\/\/ibonitatis.com.br\/?p=1050"},"modified":"2024-11-30T14:36:18","modified_gmt":"2024-11-30T17:36:18","slug":"sorria-voce-esta-passando-por-uma-crise","status":"publish","type":"post","link":"https:\/\/ibonitatis.com.br\/?p=1050","title":{"rendered":"SORRIA, VOC\u00ca EST\u00c1 PASSANDO POR UMA CRISE!"},"content":{"rendered":"\n<p>Ao longo dos anos e dos s\u00e9culos, a humanidade passa por um dilema: entender a crise. Talvez esteja se perguntando: \u201cCrise? Qual crise busca entender? Crise financeira?\u201d. Pois bem, trata-se aqui de todas as crises, isto \u00e9, da crise como um todo, o que inclui a financeira, mas tamb\u00e9m tantas outras: a intelectual, a ps\u00edquica, a moral, a social e, sobretudo, a espiritual. Acredito que, talvez, quem esteja lendo estas linhas identifique-se com, pelo menos, alguma destas crises apresentadas, n\u00e3o \u00e9 verdade? Afinal, \u201catire a primeira pedra\u201d quem n\u00e3o passa por uma.<\/p>\n\n\n\n<p>Outro fato sobre essa rela\u00e7\u00e3o da humanidade com a crise \u00e9 que, ao passar dos tempos, e nesse processo de entendimento, cai o homem na tenta\u00e7\u00e3o de fugir, correr, isto \u00e9, de alguma forma conseguir afastar-se dela ou evit\u00e1-la, afinal, ela \u00e9 desconfort\u00e1vel. Ah, o sofrimento&#8230; Como d\u00f3i, como \u00e9 custoso e dif\u00edcil. \u201cPor que n\u00e3o podemos o evitar? Deus, sendo t\u00e3o bom, Criador de todo bem, toda beleza e de toda a verdade, pode ter criado tamb\u00e9m a crise?\u201d. &nbsp;\u00c9 isso que se passa no cora\u00e7\u00e3o da humanidade.<\/p>\n\n\n\n<p>Pois bem, agora \u00e9 o momento de sair um pouquinho de si, tomar uma dist\u00e2ncia ps\u00edquica (al\u00e9m de ser honesto consigo mesmo) e perceber que Deus, assim como n\u00e3o criou o mal, mas permitiu o mal, n\u00e3o criou tamb\u00e9m a crise, mas a permite como consequ\u00eancia da m\u00e1 disposi\u00e7\u00e3o do livre-arb\u00edtrio humano. Contudo, por ser Ele o sumo perd\u00e3o, mesmo diante de nosso ego\u00edsmo humano, desceu do C\u00e9us, encarnou-Se, passou pela crise \u2014 at\u00e9 a morte \u2014 e nos salvou dela. Agora, embora a crise n\u00e3o tenha desaparecido, embora Ele n\u00e3o tenha deixado o homem sem sofrimento aqui na Terra, este mesmo homem tem a possibilidade de enxergar a esperan\u00e7a, a vida nova, a eternidade, atrav\u00e9s da crise. <strong><em><u>Deus escolheu passar pela crise ainda que n\u00e3o precisasse, ainda que n\u00e3o merecesse<\/u><\/em><\/strong>. Ele, mesmo com toda a onipot\u00eancia a seu dispor, n\u00e3o decidiu afast\u00e1-la, mas n\u00f3s (meros entes) fugimos dela? A vida nos pede uma escolha e n\u00f3s escolhemos fugir? <strong><em><u>A fuga humana diante da crise torna in\u00fatil o sofrimento de Deus Menino aqui na Terra<\/u><\/em><\/strong>.<\/p>\n\n\n\n<p>Quando os homens se d\u00e3o conta de que o sofrimento bem vivido, isto \u00e9, enfrentado da melhor maneira, pode paradoxalmente trazer maravilhas, saem dele muito melhores. Quando percebem que Nosso Senhor, mais do que n\u00e3o fugir da Cruz, escolheu por abra\u00e7\u00e1-La, percebem tamb\u00e9m que foi a mesma Cruz abra\u00e7ada que trouxe a vida; e \u00e9 por esse motivo que Nosso Senhor nos convida a abra\u00e7ar a Cruz: unirmo-nos ao Seu sofrimento e com isso ganhar a Vida. Perceba que \u201cabra\u00e7ar\u201d foi a palavra escolhida por Ele e que \u201cabra\u00e7ar\u201d n\u00e3o \u00e9 simplesmente \u201caceitar\u201d ou \u201cpermitir\u201d, mas muito al\u00e9m: \u00e9 ter um certo agrado, conson\u00e2ncia, identifica\u00e7\u00e3o e gosto ao ponto de sair de si e ir ao encontro do outro. <strong><u>Ser\u00e1 que somos capazes de, pelo menos, sorrir para a Cruz?<\/u><\/strong> &nbsp;Como disse Santa Teresa d\u2019\u00c1vila: \u201cA cruz que se <em><u>arrasta<\/u><\/em> \u00e9 muito mais <em><u>pesada<\/u><\/em> do que a cruz que se <em><u>abra\u00e7a<\/u>.\u201d<\/em><\/p>\n\n\n\n<p>\u00c9 f\u00e1cil sorrir na calmaria das ondas e, talvez, seja f\u00e1cil sorrir para as c\u00e2meras, ainda que seja uma m\u00e1scara. Mas, n\u00e3o sou capaz de sorrir para a Cruz? Nosso Senhor est\u00e1 ali pedindo o seu sorriso, o seu abra\u00e7o e&#8230; escolhe fugir? Lembre-se: <em>\u201cA dor \u00e9 permitida por Deus para unir a pessoa a Ele, e por isso Ele \u2014 em determinadas circunst\u00e2ncias \u2014 n\u00e3o quer tirar a dor\u201d<\/em> <em>(Mons. Jo\u00e3o S. Cl\u00e1 Dias<\/em>). Assim, quando somos visitados por uma crise: <em>sorria<\/em>, pois \u00e9 uma oportunidade de crescer; <em>sorria<\/em>, pois Nosso Senhor o quer unido a Ele por meio dela; <em>sorria<\/em>, pois haver\u00e1 um pr\u00eamio ap\u00f3s a corrida; enfim, <em>sorria<\/em>, pois voc\u00ea est\u00e1 passando pela crise. Depois, <em><u>abrace<\/u><\/em> a sua cruz e siga-O.<\/p>\n","protected":false},"excerpt":{"rendered":"<p>Ao longo dos anos e dos s\u00e9culos, a humanidade passa por um dilema: entender a crise. Talvez esteja se perguntando: \u201cCrise? Qual crise busca entender? Crise financeira?\u201d. Pois bem, trata-se aqui de todas as crises, isto \u00e9, da crise como um todo, o que inclui a financeira, mas tamb\u00e9m tantas outras: a intelectual, a ps\u00edquica, [&hellip;]<\/p>\n","protected":false},"author":8,"featured_media":1053,"comment_status":"open","ping_status":"open","sticky":false,"template":"","format":"standard","meta":{"_exactmetrics_skip_tracking":false,"_exactmetrics_sitenote_active":false,"_exactmetrics_sitenote_note":"","_exactmetrics_sitenote_category":0,"footnotes":""},"categories":[1],"tags":[],"class_list":["post-1050","post","type-post","status-publish","format-standard","has-post-thumbnail","hentry","category-geral"],"aioseo_notices":[],"_links":{"self":[{"href":"https:\/\/ibonitatis.com.br\/index.php?rest_route=\/wp\/v2\/posts\/1050","targetHints":{"allow":["GET"]}}],"collection":[{"href":"https:\/\/ibonitatis.com.br\/index.php?rest_route=\/wp\/v2\/posts"}],"about":[{"href":"https:\/\/ibonitatis.com.br\/index.php?rest_route=\/wp\/v2\/types\/post"}],"author":[{"embeddable":true,"href":"https:\/\/ibonitatis.com.br\/index.php?rest_route=\/wp\/v2\/users\/8"}],"replies":[{"embeddable":true,"href":"https:\/\/ibonitatis.com.br\/index.php?rest_route=%2Fwp%2Fv2%2Fcomments&post=1050"}],"version-history":[{"count":2,"href":"https:\/\/ibonitatis.com.br\/index.php?rest_route=\/wp\/v2\/posts\/1050\/revisions"}],"predecessor-version":[{"id":1054,"href":"https:\/\/ibonitatis.com.br\/index.php?rest_route=\/wp\/v2\/posts\/1050\/revisions\/1054"}],"wp:featuredmedia":[{"embeddable":true,"href":"https:\/\/ibonitatis.com.br\/index.php?rest_route=\/wp\/v2\/media\/1053"}],"wp:attachment":[{"href":"https:\/\/ibonitatis.com.br\/index.php?rest_route=%2Fwp%2Fv2%2Fmedia&parent=1050"}],"wp:term":[{"taxonomy":"category","embeddable":true,"href":"https:\/\/ibonitatis.com.br\/index.php?rest_route=%2Fwp%2Fv2%2Fcategories&post=1050"},{"taxonomy":"post_tag","embeddable":true,"href":"https:\/\/ibonitatis.com.br\/index.php?rest_route=%2Fwp%2Fv2%2Ftags&post=1050"}],"curies":[{"name":"wp","href":"https:\/\/api.w.org\/{rel}","templated":true}]}}