{"id":1055,"date":"2024-12-07T09:28:56","date_gmt":"2024-12-07T12:28:56","guid":{"rendered":"https:\/\/ibonitatis.com.br\/?p=1055"},"modified":"2024-12-07T09:28:58","modified_gmt":"2024-12-07T12:28:58","slug":"preparando-a-manjedoura","status":"publish","type":"post","link":"https:\/\/ibonitatis.com.br\/?p=1055","title":{"rendered":"Preparando a manjedoura"},"content":{"rendered":"\n<p>De que vale irm\u00e3os, receber Jesus, em lugar f\u00e9tido, podre, bolorento e por isso horrendo? Pois bem, \u00e9 assim que se encontra o nosso cora\u00e7\u00e3o quando estamos em pecado. V\u00e1rios santos que conseguiam ver as almas de outrem, assim as enxergavam quando estas estavam em pecado.<\/p>\n\n\n\n<p>N\u00e3o distante, pensemos em n\u00f3s, nos nossos pecados corriqueiros, nos minimamente menosprezados por n\u00f3s, e tornemo-nos \u00e0s claras &#8211; a\u00ed est\u00e1 o motivo pelo qual n\u00e3o veremos a face do Nosso Senhor na gl\u00f3ria eterna; a\u00ed est\u00e1 o motivo pelo qual nos arrastamos ao ch\u00e3o dia ap\u00f3s dia, em um cansa\u00e7o deplor\u00e1vel, em uma vida espiritual fria, capenga, apoiados nos nossos pecados que julgamos pequenos, mas t\u00e3o constante e presente que nos leva ao mais baixo estado de esp\u00edrito, afetando at\u00e9 mesmo o nosso f\u00edsico, emocional e nosso fim. Certa vez, o Nosso Senhor Jesus mostrou a Santa Teresa d\u2019\u00c1vila o inferno e disse que ela teria sido precipitada nele se continuasse com os seus pecados veniais. E ela foi Santa! Pobre de n\u00f3s que nos julgamos t\u00e3o capazes de irmos para o c\u00e9u com os nossos \u201cpecadinhos\u201d. Maldito orgulho que nos condenar\u00e1.<\/p>\n\n\n\n<p>Assim como n\u00f3s, a manjedoura n\u00e3o \u00e9 um lugar naturalmente limpo para se colocar um rec\u00e9m-nascido, ainda mais o Nosso Deus, esta precisou ser preparada: \u201cenvolvendo-o em faixas, reclinou-o em uma manjedoura\u201d (Lc 2, 7). Preparemos, pois, a manjedoura! Aproveitemos o tempo oportuno. Jesus h\u00e1 de vir! E como ele me encontrar\u00e1?<\/p>\n\n\n\n<p>Preparemos uma santa confiss\u00e3o, pe\u00e7amos a Virgem que coloque diante de n\u00f3s os pecados que n\u00e3o temos enxergado e os que temos enxergado, mas banalizado. Nos coloquemos de frente para a Virgem como miser\u00e1veis e pe\u00e7amos o seu aux\u00edlio, para vencermos os pecados mais frequentes, mais corriqueiros, mais enraizados em n\u00f3s. Jesus n\u00e3o merece estar em solo f\u00e9tido, e tudo o que foi descrito no come\u00e7o desse texto.<\/p>\n\n\n\n<p>Agora que sabemos quem \u00e9 Jesus, sua grandeza e realeza (o que na \u00e9poca do seu nascimento era desconhecido), caros leitores h\u00e3o de concordar, que Jesus merece o MELHOR! O melhor cheiro, o lugar mais limpo, o lugar mais lindo! E que assim esteja o nosso cora\u00e7\u00e3o nesse natal para receber Jesus. Aquele que h\u00e1 de vir, vir\u00e1, e repousar\u00e1 sobre o lugar que mais O agradar\u00e1 \u2013 nos \u201cpuros de cora\u00e7\u00e3o\u201d (Mt 5,8); nos que \u201clavaram as suas vestes e as alvejaram no sangue do cordeiro\u201d (Ap 7, 14).<\/p>\n\n\n\n<p>Preparemos uma confiss\u00e3o bem feita irm\u00e3os, estejamos l\u00edmpidos para recebermos Jesus e sejamos luz a quem quer que olhe para n\u00f3s.<\/p>\n\n\n\n<p><\/p>\n","protected":false},"excerpt":{"rendered":"<p>De que vale irm\u00e3os, receber Jesus, em lugar f\u00e9tido, podre, bolorento e por isso horrendo? Pois bem, \u00e9 assim que se encontra o nosso cora\u00e7\u00e3o quando estamos em pecado. V\u00e1rios santos que conseguiam ver as almas de outrem, assim as enxergavam quando estas estavam em pecado. N\u00e3o distante, pensemos em n\u00f3s, nos nossos pecados corriqueiros, [&hellip;]<\/p>\n","protected":false},"author":13,"featured_media":1056,"comment_status":"open","ping_status":"open","sticky":false,"template":"","format":"standard","meta":{"_exactmetrics_skip_tracking":false,"_exactmetrics_sitenote_active":false,"_exactmetrics_sitenote_note":"","_exactmetrics_sitenote_category":0,"footnotes":""},"categories":[1],"tags":[111,112,113],"class_list":["post-1055","post","type-post","status-publish","format-standard","has-post-thumbnail","hentry","category-geral","tag-manjedoura","tag-natal","tag-pecado"],"aioseo_notices":[],"_links":{"self":[{"href":"https:\/\/ibonitatis.com.br\/index.php?rest_route=\/wp\/v2\/posts\/1055","targetHints":{"allow":["GET"]}}],"collection":[{"href":"https:\/\/ibonitatis.com.br\/index.php?rest_route=\/wp\/v2\/posts"}],"about":[{"href":"https:\/\/ibonitatis.com.br\/index.php?rest_route=\/wp\/v2\/types\/post"}],"author":[{"embeddable":true,"href":"https:\/\/ibonitatis.com.br\/index.php?rest_route=\/wp\/v2\/users\/13"}],"replies":[{"embeddable":true,"href":"https:\/\/ibonitatis.com.br\/index.php?rest_route=%2Fwp%2Fv2%2Fcomments&post=1055"}],"version-history":[{"count":3,"href":"https:\/\/ibonitatis.com.br\/index.php?rest_route=\/wp\/v2\/posts\/1055\/revisions"}],"predecessor-version":[{"id":1066,"href":"https:\/\/ibonitatis.com.br\/index.php?rest_route=\/wp\/v2\/posts\/1055\/revisions\/1066"}],"wp:featuredmedia":[{"embeddable":true,"href":"https:\/\/ibonitatis.com.br\/index.php?rest_route=\/wp\/v2\/media\/1056"}],"wp:attachment":[{"href":"https:\/\/ibonitatis.com.br\/index.php?rest_route=%2Fwp%2Fv2%2Fmedia&parent=1055"}],"wp:term":[{"taxonomy":"category","embeddable":true,"href":"https:\/\/ibonitatis.com.br\/index.php?rest_route=%2Fwp%2Fv2%2Fcategories&post=1055"},{"taxonomy":"post_tag","embeddable":true,"href":"https:\/\/ibonitatis.com.br\/index.php?rest_route=%2Fwp%2Fv2%2Ftags&post=1055"}],"curies":[{"name":"wp","href":"https:\/\/api.w.org\/{rel}","templated":true}]}}