{"id":1060,"date":"2024-12-21T11:34:36","date_gmt":"2024-12-21T14:34:36","guid":{"rendered":"https:\/\/ibonitatis.com.br\/?p=1060"},"modified":"2024-12-21T11:34:38","modified_gmt":"2024-12-21T14:34:38","slug":"o-natal-e-a-festa-da-inocencia","status":"publish","type":"post","link":"https:\/\/ibonitatis.com.br\/?p=1060","title":{"rendered":"O Natal \u00e9 a festa da inoc\u00eancia!"},"content":{"rendered":"\n<p>Quando o ano chega a seu termo, eis que aquele \u00faltimo m\u00eas vai se aproximando com um convite a renovarmos a virtude da esperan\u00e7a! Isso por que os homens de boa vontade, ap\u00f3s as lutas e os labores cotidianos, sentem no fundo da alma se aproximar uma data muito especial: o Natal! Quem ousar\u00e1 dizer que n\u00e3o sente aquela alegria e aquela do\u00e7ura primaveril, que trazem \u00e0 nossa lembran\u00e7a a divina crian\u00e7a, da qual celebramos solenemente o seu augusto nascimento?<\/p>\n\n\n\n<p>Na casa de uma senhora cat\u00f3lica, cujo filho soube ela educar em princ\u00edpios s\u00f3lidos e verdadeiramente cat\u00f3licos, n\u00e3o se deixava essa data passar como uma qualquer. Lembra cheio de saudades o senhor e doutor Plinio Corr\u00eaa de Oliveira o imponder\u00e1vel m\u00edstico dessa \u00e9poca e comenta, em suas notas autobiogr\u00e1ficas, os desvelos de sua m\u00e3e Dona Luc\u00edlia: \u201cParecia-me que um princ\u00edpio de pureza, de limpidez, de honestidade, de bondade e de candura baixava sobre a terra e alterava as almas de todos os homens: a maldade humana se encolhia e os Anjos abriam as asas. Eu realmente tinha impress\u00e3o de que eles desciam \u00e0 terra\u2026\u201d \u00a0\u00a0\u00a0<\/p>\n\n\n\n<p>Uma crian\u00e7a certamente consegue exprimir o encantamento diante das decora\u00e7\u00f5es dos pinheirinhos com bolas coloridas e brilhantes, as luzes que cobrem as cidades, as m\u00fasicas das cantatas natalinas que elevam nossos cora\u00e7\u00f5es, a espera da chegada do Pequeno Menino Jesus no pres\u00e9pio, a ceia de Natal com os perfumes das mais variadas sobremesas e comidas t\u00edpicas, em frutas cristalizadas e ornamentos bel\u00edssimos, al\u00e9m da expectativa do presente de S\u00e3o Nicolau! Por\u00e9m quantos adultos e anci\u00e3os recordam tamb\u00e9m de sua inf\u00e2ncia mais pura desses memor\u00e1veis dias \u201c25 de dezembro\u201d por eles j\u00e1 vividos?<\/p>\n\n\n\n<p>O Natal \u00e9 a festa da inoc\u00eancia por excel\u00eancia! Mas digo o verdadeiro Natal cat\u00f3lico. N\u00e3o aquela festa do consumismo laico de nossa \u00e9poca, pois o mundo de hoje tudo faz para que essa data seja esquecida, posta de lado ou que perca o seu sentido verdadeiro.<\/p>\n\n\n\n<p>Chega o fim de ano, mas n\u00e3o o fim dessa hist\u00f3ria de um Deus que se encarnou para nos arrancar das amarras do pecado e, portanto o renovar da esperan\u00e7a acontece. Que todos os anos sejam vividos tal como aquele convite ang\u00e9lico proferido h\u00e1 mais de dois mil anos \u201cGl\u00f3ria in excelsis Deo\u201d!<\/p>\n\n\n\n<p>O papel da fam\u00edlia cat\u00f3lica \u00e9 o de n\u00e3o deixar perder essa alegria do Natal! Que seja ela <strong>intensa, calma, doce, elevada, \u201cordenativa\u201d e \u201cequilibrante\u201d e que o ambiente em nossa casa seja nada te\u00f3rico, mas que, mesmo os detalhes meramente humanos nos introduza nas gra\u00e7as da chegada do Menino Jesus com as harmonias e delicadezas que s\u00f3 a Igreja Cat\u00f3lica \u00e9 capaz de transmitir. <\/strong><strong>&nbsp;<\/strong><\/p>\n","protected":false},"excerpt":{"rendered":"<p>Quando o ano chega a seu termo, eis que aquele \u00faltimo m\u00eas vai se aproximando com um convite a renovarmos a virtude da esperan\u00e7a! Isso por que os homens de boa vontade, ap\u00f3s as lutas e os labores cotidianos, sentem no fundo da alma se aproximar uma data muito especial: o Natal! Quem ousar\u00e1 dizer [&hellip;]<\/p>\n","protected":false},"author":17,"featured_media":1061,"comment_status":"open","ping_status":"open","sticky":false,"template":"","format":"standard","meta":{"_exactmetrics_skip_tracking":false,"_exactmetrics_sitenote_active":false,"_exactmetrics_sitenote_note":"","_exactmetrics_sitenote_category":0,"footnotes":""},"categories":[1],"tags":[25,114,112],"class_list":["post-1060","post","type-post","status-publish","format-standard","has-post-thumbnail","hentry","category-geral","tag-catolico","tag-inocencia","tag-natal"],"aioseo_notices":[],"_links":{"self":[{"href":"https:\/\/ibonitatis.com.br\/index.php?rest_route=\/wp\/v2\/posts\/1060","targetHints":{"allow":["GET"]}}],"collection":[{"href":"https:\/\/ibonitatis.com.br\/index.php?rest_route=\/wp\/v2\/posts"}],"about":[{"href":"https:\/\/ibonitatis.com.br\/index.php?rest_route=\/wp\/v2\/types\/post"}],"author":[{"embeddable":true,"href":"https:\/\/ibonitatis.com.br\/index.php?rest_route=\/wp\/v2\/users\/17"}],"replies":[{"embeddable":true,"href":"https:\/\/ibonitatis.com.br\/index.php?rest_route=%2Fwp%2Fv2%2Fcomments&post=1060"}],"version-history":[{"count":3,"href":"https:\/\/ibonitatis.com.br\/index.php?rest_route=\/wp\/v2\/posts\/1060\/revisions"}],"predecessor-version":[{"id":1080,"href":"https:\/\/ibonitatis.com.br\/index.php?rest_route=\/wp\/v2\/posts\/1060\/revisions\/1080"}],"wp:featuredmedia":[{"embeddable":true,"href":"https:\/\/ibonitatis.com.br\/index.php?rest_route=\/wp\/v2\/media\/1061"}],"wp:attachment":[{"href":"https:\/\/ibonitatis.com.br\/index.php?rest_route=%2Fwp%2Fv2%2Fmedia&parent=1060"}],"wp:term":[{"taxonomy":"category","embeddable":true,"href":"https:\/\/ibonitatis.com.br\/index.php?rest_route=%2Fwp%2Fv2%2Fcategories&post=1060"},{"taxonomy":"post_tag","embeddable":true,"href":"https:\/\/ibonitatis.com.br\/index.php?rest_route=%2Fwp%2Fv2%2Ftags&post=1060"}],"curies":[{"name":"wp","href":"https:\/\/api.w.org\/{rel}","templated":true}]}}