{"id":1067,"date":"2024-12-14T11:05:01","date_gmt":"2024-12-14T14:05:01","guid":{"rendered":"https:\/\/ibonitatis.com.br\/?p=1067"},"modified":"2024-12-14T11:05:02","modified_gmt":"2024-12-14T14:05:02","slug":"coracao-humano-presepio-de-jesus","status":"publish","type":"post","link":"https:\/\/ibonitatis.com.br\/?p=1067","title":{"rendered":"Cora\u00e7\u00e3o humano: pres\u00e9pio de Jesus."},"content":{"rendered":"\n<p>Todo ser humano carrega em si a busca por um ideal, uma vontade de sentido. Nesta \u00e9poca do ano, \u00e9 comum surgir a pausa para revis\u00e3o de vida, aquele movimento de resgate pela mem\u00f3ria do que vivemos no decorrer dos meses, de an\u00e1lise das experi\u00eancias pessoais que fizemos, da forma como nos comportamos diante dos fatos, a postura em meio \u00e0s circunst\u00e2ncias rotineiras, das lutas e desafios enfrentados. Mas n\u00e3o podemos nos esquecer que essa \u00e9poca \u00e9 substancialmente prop\u00edcia para recalcular a rota espiritual, pensar no quanto amamos nosso Senhor Jesus e meditar sobre a nossa comunh\u00e3o com o C\u00e9u.<\/p>\n\n\n\n<p>Sabemos que Deus quer salvar a todos, n\u00e3o quer que ningu\u00e9m se perca. Ele, que <em>\u201chabita uma luz inacess\u00edvel\u201d<\/em> (I Tm 6, 16), quer comunicar sua pr\u00f3pria vida divina aos homens, criados livremente por ele, para fazer deles, no seu Filho \u00fanico, filhos adotivos. Diante de tamanho bem, <em>\u201c<\/em><em>aprouve Deus, em sua bondade e sabedoria, revelar-se a si mesmo e tornar conhecido o mist\u00e9rio de sua vontade, pelo qual os homens, por interm\u00e9dio de Cristo, Verbo feito carne, no Esp\u00edrito Santo, t\u00eam acesso ao Pai e se tornam participantes da natureza divina\u201d.<\/em>\u00b9<\/p>\n\n\n\n<p>A Santa M\u00e3e Igreja nos auxilia neste sentido e com o tempo do Advento nos prepara para um grande acontecimento. Junto com ela, voltemos \u00e0 Bel\u00e9m: a contempla\u00e7\u00e3o do&nbsp;nascimento&nbsp;de Jesus nos leva a fazer a travessia para o interior de uma gruta, ali o Grande Mist\u00e9rio se faz vis\u00edvel e revela o sentido da exist\u00eancia humana.<\/p>\n\n\n\n<p>Entremos, pois a porta est\u00e1 aberta: <em>Non est satelles, qui dicat: non est hora<\/em> \u2013 \u201cN\u00e3o h\u00e1 guarda\u201d, diz S\u00e3o Pedro Cris\u00f3logo, \u201cpara dizer que n\u00e3o s\u00e3o horas\u201d. Ao adentrar nela com suavidade, \u00e9 poss\u00edvel perceb\u00ea-la e faz\u00ea-la descer at\u00e9 o cora\u00e7\u00e3o, convert\u00ea-la em mat\u00e9ria de considera\u00e7\u00e3o, de expectante sil\u00eancio e ora\u00e7\u00e3o. A gruta torna-se lugar de ref\u00fagio, mesmo se afetado pela chuva ou pelo frio, nela h\u00e1 simplicidade, pobreza, mas \u00e9 nela que ocorre o nascimento da Vida, a manifesta\u00e7\u00e3o da gl\u00f3ria de Deus, o sinal de sua compaix\u00e3o.<\/p>\n\n\n\n<p>No encontro com a crian\u00e7a de Bel\u00e9m, <em>\u201calmas devotas, contemplai naquela manjedoura, sobre aquela pobre palha o tenro Menino que est\u00e1 a chorar. Vede como \u00e9 formoso; mirai a luz que irradia, e o amor que respira; esses olhos atiram setas aos cora\u00e7\u00f5es que o desejam, esses vagidos s\u00e3o chamas abrasadoras para os que o amam.\u201d\u00b2<\/em><\/p>\n\n\n\n<p>No encontro com a crian\u00e7a de Bel\u00e9m nada \u00e9 rejeitado nem mal olhado, tudo \u00e9 aceito, encontra lugar, \u00e9 acolhido, nada \u00e9 desprez\u00edvel. O mal cheiro das \u201cimund\u00edcies\u201d deixadas pelo caminho se transforma em perfume de santidade, o sujo torna-se limpo, <em>\u201cpassou o que era velho; eis que tudo se fez novo\u201d<\/em> (II Cor 5, 17). Tudo \u00e9 transformado pela irradia\u00e7\u00e3o da luz que vem a partir de dentro.<\/p>\n\n\n\n<p>No encontro com a crian\u00e7a de Bel\u00e9m somos envolvidos pela ternura do Alt\u00edssimo e com ela podemos dialogar: <em>\u201c\u00d3 formoso Menino pequenino, dizei-me, de quem \u00e9s filho? Responde-lhe: Minha m\u00e3e \u00e9 esta linda e pura Virgem, que est\u00e1 a meu lado. E teu pai, quem \u00e9? Meu pai \u00e9 Deus. Mas como? Tu \u00e9s o Filho de Deus, e \u00e9s t\u00e3o pobre, t\u00e3o humilde? Nesse estado quem te reconhecer\u00e1? Quem te respeitar\u00e1? A santa f\u00e9, responde Jesus, me far\u00e1 conhecer por quem sou, e me far\u00e1 amar pelas almas que eu vim remir e inflamar em meu amor. N\u00e3o vim para me fazer temido, sen\u00e3o para me fazer amado, e por isso, quis manifestar-me, a primeira vez que me vedes, como crian\u00e7a t\u00e3o pobre e humilde, afim de que assim me ameis com mais ternura, vendo a que estado me reduziu o amor que vos tenho.\u201d <\/em>\u00b2<\/p>\n\n\n\n<p>O encontro com a crian\u00e7a de Bel\u00e9m abre e purifica os sentidos, contempl\u00e1-lo traz esperan\u00e7a, expande a alma, dilata o cora\u00e7\u00e3o. Constatamos que Deus <em>\u201cse fez carne e habitou entre n\u00f3s\u201d<\/em> (Jo 1, 14), foi inserido na hist\u00f3ria da humanidade, pode ser buscado atrav\u00e9s da pequena e Divina crian\u00e7a e assim como entrou em Bel\u00e9m, tamb\u00e9m pode entrar em nossa pr\u00f3pria casa.<\/p>\n\n\n\n<p>Naquele tempo, as portas das casas e hospedarias da cidade se mantiveram fechadas, recusaram a companhia da fam\u00edlia de Nazar\u00e9 e mal sabiam que ignoravam o pr\u00f3prio Deus. Infelizmente n\u00e3o puderam dizer em alta voz: <em>\u201c(&#8230;) um menino nos nasceu, um filho nos foi dado: Conselheiro-maravilhoso, Deus-forte, Pai-para-sempre, Pr\u00edncipe-da-paz.\u201d<\/em> (Is 9, 5), n\u00e3o descobriram a admir\u00e1vel miss\u00e3o daquele menino deitado na manjedoura, porque nem sequer o viram; perderam a oportunidade de estar com Ele, experimentar o verdadeiro sentido de existir e de inaugurar um novo tempo em suas vidas.<\/p>\n\n\n\n<p>Pe\u00e7amos a Gra\u00e7a do Alt\u00edssimo de viver uma prepara\u00e7\u00e3o profunda \u00e0 espera Daquele que vem no Natal e desejar <em>\u201cque o nosso cora\u00e7\u00e3o seja um pres\u00e9pio onde Jesus escolha nascer\u201d<\/em>, como disse S\u00e3o Pedro Juli\u00e3o Eymard.<\/p>\n\n\n\n<p>\u00b9 Gaudium et Spes, 36<\/p>\n\n\n\n<p>\u00b2 LIG\u00d3RIO, Afonso Maria de. Medita\u00e7\u00f5es: Para todos os Dias e Festas do Ano: Tomo I: Primeiro Domingo do Advento. Friburgo: Herder &amp; Cia, 1921, p. 84s<\/p>\n","protected":false},"excerpt":{"rendered":"<p>Todo ser humano carrega em si a busca por um ideal, uma vontade de sentido. Nesta \u00e9poca do ano, \u00e9 comum surgir a pausa para revis\u00e3o de vida, aquele movimento de resgate pela mem\u00f3ria do que vivemos no decorrer dos meses, de an\u00e1lise das experi\u00eancias pessoais que fizemos, da forma como nos comportamos diante dos [&hellip;]<\/p>\n","protected":false},"author":12,"featured_media":1074,"comment_status":"open","ping_status":"open","sticky":false,"template":"","format":"standard","meta":{"_exactmetrics_skip_tracking":false,"_exactmetrics_sitenote_active":false,"_exactmetrics_sitenote_note":"","_exactmetrics_sitenote_category":0,"footnotes":""},"categories":[1],"tags":[117],"class_list":["post-1067","post","type-post","status-publish","format-standard","has-post-thumbnail","hentry","category-geral","tag-principe-da-paz"],"aioseo_notices":[],"_links":{"self":[{"href":"https:\/\/ibonitatis.com.br\/index.php?rest_route=\/wp\/v2\/posts\/1067","targetHints":{"allow":["GET"]}}],"collection":[{"href":"https:\/\/ibonitatis.com.br\/index.php?rest_route=\/wp\/v2\/posts"}],"about":[{"href":"https:\/\/ibonitatis.com.br\/index.php?rest_route=\/wp\/v2\/types\/post"}],"author":[{"embeddable":true,"href":"https:\/\/ibonitatis.com.br\/index.php?rest_route=\/wp\/v2\/users\/12"}],"replies":[{"embeddable":true,"href":"https:\/\/ibonitatis.com.br\/index.php?rest_route=%2Fwp%2Fv2%2Fcomments&post=1067"}],"version-history":[{"count":1,"href":"https:\/\/ibonitatis.com.br\/index.php?rest_route=\/wp\/v2\/posts\/1067\/revisions"}],"predecessor-version":[{"id":1068,"href":"https:\/\/ibonitatis.com.br\/index.php?rest_route=\/wp\/v2\/posts\/1067\/revisions\/1068"}],"wp:featuredmedia":[{"embeddable":true,"href":"https:\/\/ibonitatis.com.br\/index.php?rest_route=\/wp\/v2\/media\/1074"}],"wp:attachment":[{"href":"https:\/\/ibonitatis.com.br\/index.php?rest_route=%2Fwp%2Fv2%2Fmedia&parent=1067"}],"wp:term":[{"taxonomy":"category","embeddable":true,"href":"https:\/\/ibonitatis.com.br\/index.php?rest_route=%2Fwp%2Fv2%2Fcategories&post=1067"},{"taxonomy":"post_tag","embeddable":true,"href":"https:\/\/ibonitatis.com.br\/index.php?rest_route=%2Fwp%2Fv2%2Ftags&post=1067"}],"curies":[{"name":"wp","href":"https:\/\/api.w.org\/{rel}","templated":true}]}}