{"id":1076,"date":"2024-12-28T12:39:33","date_gmt":"2024-12-28T15:39:33","guid":{"rendered":"https:\/\/ibonitatis.com.br\/?p=1076"},"modified":"2024-12-28T12:39:35","modified_gmt":"2024-12-28T15:39:35","slug":"o-cantico-do-amor-divino-a-melodia-eterna","status":"publish","type":"post","link":"https:\/\/ibonitatis.com.br\/?p=1076","title":{"rendered":"O C\u00e2ntico do Amor Divino: A Melodia Eterna"},"content":{"rendered":"\n<p>No sil\u00eancio de uma noite em Bel\u00e9m, uma melodia sublime ecoou pelo c\u00e9u estrelado: \u201cGl\u00f3ria a Deus nas alturas, e paz na terra aos homens de boa vontade\u201d. Eram os anjos proclamando a Boa Nova!<\/p>\n\n\n\n<p>Aquele instante sagrado marcou o momento em que o Amor Divino se fez carne, descendo das alturas para habitar entre n\u00f3s. N\u00e3o em tronos majestosos, mas numa manjedoura humilde, o Criador escolheu a simplicidade para revelar sua grandeza.<\/p>\n\n\n\n<p>Esse c\u00e2ntico, que come\u00e7ou em Bel\u00e9m e ecoa aqui e agora, \u00e9 a express\u00e3o mais pura do amor de Deus. Um amor que se doa por inteiro, que desce at\u00e9 as profundezas da condi\u00e7\u00e3o humana para nos elevar \u00e0s alturas celestiais.<\/p>\n\n\n\n<p>No nascimento de Cristo, vemos o mist\u00e9rio de um Deus que se inclina at\u00e9 o homem, assumindo a fragilidade de um rec\u00e9m-nascido para nos ensinar que a verdadeira for\u00e7a est\u00e1 na humildade e no servi\u00e7o.<\/p>\n\n\n\n<p>O pres\u00e9pio \u00e9, ao mesmo tempo, sinal de simplicidade e de reden\u00e7\u00e3o. Nele, o Menino Deus nos convida a nos despojarmos de tudo o que nos afasta de seu amor. A manjedoura \u00e9 um chamado \u00e0 convers\u00e3o, \u00e0 prepara\u00e7\u00e3o de nosso cora\u00e7\u00e3o como um lugar digno de sua morada. Como os pastores que deixaram tudo para contempl\u00e1-lo, somos convidados a silenciar a alma, a abandonar o ego\u00edsmo e a ouvir a melodia eterna que ressoa no mist\u00e9rio do Natal.<\/p>\n\n\n\n<p>O c\u00e2ntico dos anjos n\u00e3o apenas celebra o nascimento do Salvador, mas tamb\u00e9m anuncia a paz que Ele traz. N\u00e3o uma paz mundana, que se limita \u00e0 aus\u00eancia de conflitos, mas a paz interior, fruto da reconcilia\u00e7\u00e3o com Deus e com os outros.<\/p>\n\n\n\n<p>O Natal nos desafia a nos tornarmos instrumentos dessa paz, levando o amor de Cristo \u00e0s nossas fam\u00edlias, comunidades e ao mundo. Assim como os reis magos ofereceram seus melhores presentes ao Menino, somos chamados a oferecer o dom mais precioso, nosso maior tesouro: nosso cora\u00e7\u00e3o.<\/p>\n\n\n\n<p>O C\u00e2ntico do Amor Divino \u00e9 silencioso como o Natal, mas seu eco atravessa os s\u00e9culos e se renova a cada vez que permitimos que Cristo renas\u00e7a em n\u00f3s. \u00c9 um c\u00e2ntico que nos lembra que o Cristo \u00e9 eterno e que sua gra\u00e7a est\u00e1 sempre dispon\u00edvel para aqueles que abrem seu cora\u00e7\u00e3o. Mesmo nas tempestades da vida, o eco desse amor nos sustenta, lembrando-nos de que Deus n\u00e3o ama \u00e0 dist\u00e2ncia; Ele se aproxima, se iguala e nos recorda que somos amados e jamais abandonados.<\/p>\n\n\n\n<p>O C\u00e2ntico do Amor Divino n\u00e3o \u00e9 passageiro; \u00e9 eterno! Passou por Bel\u00e9m, permaneceu na dolorosa Cruz e ressoou na manh\u00e3 da Ressurrei\u00e7\u00e3o!<\/p>\n\n\n\n<p>Que neste Natal possamos ouvir novamente essa melodia, permitindo que ela transforme nosso cora\u00e7\u00e3o e ilumine nossas vidas. Que o c\u00e2ntico do Amor Divino ressoe em nossas palavras, a\u00e7\u00f5es e ora\u00e7\u00f5es, para que o mundo inteiro reconhe\u00e7a que, em Bel\u00e9m, nasceu a verdadeira Esperan\u00e7a.<\/p>\n\n\n\n<p>\u201cGl\u00f3ria a Deus nas alturas, e paz na terra aos homens de boa vontade!\u201d<\/p>\n","protected":false},"excerpt":{"rendered":"<p>No sil\u00eancio de uma noite em Bel\u00e9m, uma melodia sublime ecoou pelo c\u00e9u estrelado: \u201cGl\u00f3ria a Deus nas alturas, e paz na terra aos homens de boa vontade\u201d. Eram os anjos proclamando a Boa Nova! Aquele instante sagrado marcou o momento em que o Amor Divino se fez carne, descendo das alturas para habitar entre [&hellip;]<\/p>\n","protected":false},"author":16,"featured_media":1078,"comment_status":"open","ping_status":"open","sticky":false,"template":"","format":"standard","meta":{"_exactmetrics_skip_tracking":false,"_exactmetrics_sitenote_active":false,"_exactmetrics_sitenote_note":"","_exactmetrics_sitenote_category":0,"footnotes":""},"categories":[1],"tags":[118,119,50],"class_list":["post-1076","post","type-post","status-publish","format-standard","has-post-thumbnail","hentry","category-geral","tag-amor-de-deus","tag-cantico-dos-anjos","tag-coracao"],"aioseo_notices":[],"_links":{"self":[{"href":"https:\/\/ibonitatis.com.br\/index.php?rest_route=\/wp\/v2\/posts\/1076","targetHints":{"allow":["GET"]}}],"collection":[{"href":"https:\/\/ibonitatis.com.br\/index.php?rest_route=\/wp\/v2\/posts"}],"about":[{"href":"https:\/\/ibonitatis.com.br\/index.php?rest_route=\/wp\/v2\/types\/post"}],"author":[{"embeddable":true,"href":"https:\/\/ibonitatis.com.br\/index.php?rest_route=\/wp\/v2\/users\/16"}],"replies":[{"embeddable":true,"href":"https:\/\/ibonitatis.com.br\/index.php?rest_route=%2Fwp%2Fv2%2Fcomments&post=1076"}],"version-history":[{"count":1,"href":"https:\/\/ibonitatis.com.br\/index.php?rest_route=\/wp\/v2\/posts\/1076\/revisions"}],"predecessor-version":[{"id":1077,"href":"https:\/\/ibonitatis.com.br\/index.php?rest_route=\/wp\/v2\/posts\/1076\/revisions\/1077"}],"wp:featuredmedia":[{"embeddable":true,"href":"https:\/\/ibonitatis.com.br\/index.php?rest_route=\/wp\/v2\/media\/1078"}],"wp:attachment":[{"href":"https:\/\/ibonitatis.com.br\/index.php?rest_route=%2Fwp%2Fv2%2Fmedia&parent=1076"}],"wp:term":[{"taxonomy":"category","embeddable":true,"href":"https:\/\/ibonitatis.com.br\/index.php?rest_route=%2Fwp%2Fv2%2Fcategories&post=1076"},{"taxonomy":"post_tag","embeddable":true,"href":"https:\/\/ibonitatis.com.br\/index.php?rest_route=%2Fwp%2Fv2%2Ftags&post=1076"}],"curies":[{"name":"wp","href":"https:\/\/api.w.org\/{rel}","templated":true}]}}