{"id":1135,"date":"2025-02-08T10:48:08","date_gmt":"2025-02-08T13:48:08","guid":{"rendered":"https:\/\/ibonitatis.com.br\/?p=1135"},"modified":"2025-02-08T10:48:09","modified_gmt":"2025-02-08T13:48:09","slug":"a-cegueira-das-telas","status":"publish","type":"post","link":"https:\/\/ibonitatis.com.br\/?p=1135","title":{"rendered":"A CEGUEIRA DAS TELAS"},"content":{"rendered":"\n<p>O ano era 1987, nascia uma menina, cujo c\u00e9rebro seria inocentemente desgastado pelos pais: crueldade ou injusti\u00e7a? Talvez desconhecimento?<\/p>\n\n\n\n<p>Essa crian\u00e7a foi criada com horas di\u00e1rias na presen\u00e7a da ilus\u00f3ria companhia daquela que ocupava o centro da casa: A TV; ignorantemente classificada como a colorida causa de divers\u00e3o, descanso e conv\u00edvio da fam\u00edlia. \u00c0 menina foi negado o privil\u00e9gio da solicitude, do sil\u00eancio e do t\u00e9dio, t\u00e3o importante para constru\u00e7\u00e3o de seu imagin\u00e1rio! O instinto de curiosidade pelo mundo admir\u00e1vel e surpreendente presente na pequena inocente, ia diariamente sendo aniquilado pelo grande aparato colorido.<\/p>\n\n\n\n<p>Mesmo que o pequenino c\u00e9rebro dessa crian\u00e7a tenha sido danificado pelo excesso de dopamina causado pela tela, ela cresceu e agora adulta livrou-se de sua TV e hoje tem um bel\u00edssimo altar como centro de seu lar. Problema resolvido, certo? Infelizmente n\u00e3o! A menina por anos, inconscientemente ensinou seu c\u00e9rebro o poder magn\u00edfico da recompensa nas telas. Era necess\u00e1rio uma outra recompensa! Seu c\u00e9rebro ansiava por isso.<\/p>\n\n\n\n<p>A TV foi rapidamente substitu\u00edda por cent\u00edmetros que cabiam entre seus dedos: O CELULAR. A inven\u00e7\u00e3o do s\u00e9culo chegou em suas m\u00e3os, causando os mesmos danos da TV, por\u00e9m numa escala muito maior, que eram ignorados, pois aparentemente \u00e9 necess\u00e1rio.<\/p>\n\n\n\n<p>A mulher crescida viciada em telas, sim \u00e9 duro dizer, mas esta \u00e9 a realidade, agora tinha uma tela mais pr\u00f3xima de seus olhos, mais colorida e mais r\u00e1pida. Ao alcance de um toque, com dezenas de mudan\u00e7as por minuto, um novo liberador de alegria passou a fazer parte de sua vida.<\/p>\n\n\n\n<p>Dizia ela por vezes: \u201cN\u00e3o faz mal, s\u00e3o poucos minutos por dia, s\u00f3 respondo mensagens, nem tenho rede social, eu escolho muito bem o que vejo, \u00e9 s\u00f3 para relaxar, preciso de uma v\u00e1lvula de escape, n\u00e3o sou viciada!\u201d. As justificativas s\u00e3o excelentes, mas os efeitos n\u00e3o! Poucos minutos por dia s\u00e3o suficientes para muitos malef\u00edcios: aumento de problemas de vis\u00e3o, defici\u00eancia de aprendizado, hiperatividade, autismo, ansiedade, procrastina\u00e7\u00e3o, depress\u00e3o, etc.<\/p>\n\n\n\n<p>Como transformar este c\u00e9rebro t\u00e3o danificado? Ser\u00e1 que ela encontrou uma solu\u00e7\u00e3o? Com muita disciplina e empenho durante anos, ela reprogramou seu c\u00e9rebro. As telas foram substitu\u00eddas pelos LIVROS; as plantas, flores e NATUREZA foram acrescentados em sua rotina di\u00e1ria; e os momentos de T\u00c9DIO foram for\u00e7osamente criados. O resultado disso: uma mulher sem ansiedade, que admira o mundo criado por Deus.<\/p>\n\n\n\n<p>O qu\u00e3o f\u00e1cil \u00e9 reproduzir esta hist\u00f3ria com nossos filhos? Para adquirir o v\u00edcio basta destruir o imagin\u00e1rio deles, mantendo-os numa casa cheia de muitos brinquedos e telas. Assim, ele n\u00e3o ver\u00e1 o mundo ao seu redor: a magia das borboletas saindo do casulo, o trabalho de uma formiga, o p\u00f3len de uma flor, um banho de chuva, uma leitura num piquenique, uma brincadeira inventada para passar o tempo e a lista poderia seguir infinitamente. Para alcan\u00e7armos o desfecho feliz da nossa hist\u00f3ria, troquemos as telas (mesmo que sejam somente minutos) por momentos ao ar livre, leituras, ajuda em casa e t\u00e9dio. Deixemos nossas crian\u00e7as admirarem o mundo.<\/p>\n\n\n\n<p>Santo Tom\u00e1s de Aquino disse: \u201cA admira\u00e7\u00e3o \u00e9 o desejo de conhecimento\u201d. N\u00e3o h\u00e1 desejo de conhecimento pelo que n\u00e3o vemos. Ser\u00e1 que estamos protegendo a admira\u00e7\u00e3o de nossos filhos ou os cegando para o mundo em frente \u00e0s telas?<\/p>\n","protected":false},"excerpt":{"rendered":"<p>O ano era 1987, nascia uma menina, cujo c\u00e9rebro seria inocentemente desgastado pelos pais: crueldade ou injusti\u00e7a? Talvez desconhecimento? Essa crian\u00e7a foi criada com horas di\u00e1rias na presen\u00e7a da ilus\u00f3ria companhia daquela que ocupava o centro da casa: A TV; ignorantemente classificada como a colorida causa de divers\u00e3o, descanso e conv\u00edvio da fam\u00edlia. \u00c0 menina [&hellip;]<\/p>\n","protected":false},"author":18,"featured_media":1136,"comment_status":"open","ping_status":"open","sticky":false,"template":"","format":"standard","meta":{"_exactmetrics_skip_tracking":false,"_exactmetrics_sitenote_active":false,"_exactmetrics_sitenote_note":"","_exactmetrics_sitenote_category":0,"footnotes":""},"categories":[1],"tags":[132,130,131,128,129],"class_list":["post-1135","post","type-post","status-publish","format-standard","has-post-thumbnail","hentry","category-geral","tag-brincadeiras","tag-celular","tag-imaginario","tag-telas","tag-tv"],"aioseo_notices":[],"_links":{"self":[{"href":"https:\/\/ibonitatis.com.br\/index.php?rest_route=\/wp\/v2\/posts\/1135","targetHints":{"allow":["GET"]}}],"collection":[{"href":"https:\/\/ibonitatis.com.br\/index.php?rest_route=\/wp\/v2\/posts"}],"about":[{"href":"https:\/\/ibonitatis.com.br\/index.php?rest_route=\/wp\/v2\/types\/post"}],"author":[{"embeddable":true,"href":"https:\/\/ibonitatis.com.br\/index.php?rest_route=\/wp\/v2\/users\/18"}],"replies":[{"embeddable":true,"href":"https:\/\/ibonitatis.com.br\/index.php?rest_route=%2Fwp%2Fv2%2Fcomments&post=1135"}],"version-history":[{"count":2,"href":"https:\/\/ibonitatis.com.br\/index.php?rest_route=\/wp\/v2\/posts\/1135\/revisions"}],"predecessor-version":[{"id":1138,"href":"https:\/\/ibonitatis.com.br\/index.php?rest_route=\/wp\/v2\/posts\/1135\/revisions\/1138"}],"wp:featuredmedia":[{"embeddable":true,"href":"https:\/\/ibonitatis.com.br\/index.php?rest_route=\/wp\/v2\/media\/1136"}],"wp:attachment":[{"href":"https:\/\/ibonitatis.com.br\/index.php?rest_route=%2Fwp%2Fv2%2Fmedia&parent=1135"}],"wp:term":[{"taxonomy":"category","embeddable":true,"href":"https:\/\/ibonitatis.com.br\/index.php?rest_route=%2Fwp%2Fv2%2Fcategories&post=1135"},{"taxonomy":"post_tag","embeddable":true,"href":"https:\/\/ibonitatis.com.br\/index.php?rest_route=%2Fwp%2Fv2%2Ftags&post=1135"}],"curies":[{"name":"wp","href":"https:\/\/api.w.org\/{rel}","templated":true}]}}