{"id":1151,"date":"2025-03-15T10:16:27","date_gmt":"2025-03-15T13:16:27","guid":{"rendered":"https:\/\/ibonitatis.com.br\/?p=1151"},"modified":"2025-03-15T10:19:37","modified_gmt":"2025-03-15T13:19:37","slug":"compreender","status":"publish","type":"post","link":"https:\/\/ibonitatis.com.br\/?p=1151","title":{"rendered":"Compreender"},"content":{"rendered":"\n<p>Quem nunca ouviu a bel\u00edssima e encantadora ora\u00e7\u00e3o de S\u00e3o Francisco de Assis, cantada ou rezada? \u00c9 interessante observar como, para cada momento de nossa vida, um trechinho ou uma palavra dessa ora\u00e7\u00e3o ressoa diferente&#8230; com mais profundidade, clareza e sentido.<\/p>\n\n\n\n<p>Na frieza e indiferen\u00e7a generalizada em que vivemos, parece que essa frase cabe muito bem para uma reflex\u00e3o: Compreender que ser compreendido&#8230;<\/p>\n\n\n\n<p>Nossa! Que desafio! N\u00e3o querer ser compreendido, mas sim dedicar-se em compreender.<\/p>\n\n\n\n<p>O nosso eu, birrento, quer ser compreendido sempre e em toda situa\u00e7\u00e3o. Como, com frequ\u00eancia, n\u00e3o o \u00e9, fica ferido e, com facilidade, pode chegar a revolta. Sente-se injusti\u00e7ado, humilhado, desprezado e torna-se \u201ca v\u00edtima.\u201d<\/p>\n\n\n\n<p>Realmente a incompreens\u00e3o \u00e9 muito sombria e dolorosa, mas pode ser uma preciosa oportunidade para nos unirmos ao grande incompreendido e humilhado Jesus. Como disse S\u00e3o Francisco: O Amor que n\u00e3o \u00e9 amado!<\/p>\n\n\n\n<p>S\u00e3o oportunidades que, por provid\u00eancia, nos tocam para que possamos amadurecer esmagando o orgulho, o ego\u00edsmo, o amor pr\u00f3prio e a vaidade. Sa\u00edmos do centro e, como fez Jesus, colocamos o outro como o mais importante, o merecedor de nosso esfor\u00e7o, dedica\u00e7\u00e3o e compreens\u00e3o.<\/p>\n\n\n\n<p>Compreender o outro \u00e9 olhar para al\u00e9m de sua exterioridade, ou seja, de suas a\u00e7\u00f5es e rea\u00e7\u00f5es que muitas vezes podem desagradar e at\u00e9 nos deixar indignados. \u00c9 alcan\u00e7ar as profundidades do cora\u00e7\u00e3o e buscar as ra\u00edzes de suas a\u00e7\u00f5es. \u00c9 ouvir e olhar com real interesse pelo outro e n\u00e3o com o intuito de satisfazer os pr\u00f3prios desejos ou cumprir fun\u00e7\u00f5es.<\/p>\n\n\n\n<p>Recentemente escutei o seguinte relato e acho que pode ilustrar bem a reflex\u00e3o: <em>\u201cEm um encontro da igreja conheci um casal de namorados que se diziam cat\u00f3licos, mas era estranho perceber que, a mulher apresentava uma postura de repulsa ao ambiente, \u00e0s pessoas e at\u00e9 mesmo \u00e0s celebra\u00e7\u00f5es religiosas. Ela claramente estava ali pelo namorado e n\u00e3o fazia quest\u00e3o de disfar\u00e7ar. Era desagrad\u00e1vel mesmo! Passado um tempo, depois de muitas conversas ou \u201ctentativas de conversa\u201d, eis que aparece por detr\u00e1s das pedras \u201co tesouro\u201d de seu cora\u00e7\u00e3o. Essa mulher perdeu os pais quando tinha dez anos de idade e os pais, muito ass\u00edduos na igreja, faleceram justamente em um acidente que aconteceu em contexto religioso. Ent\u00e3o, para ela era muito doloroso frequentar ambientes cat\u00f3licos. Com a gra\u00e7a de Deus, a compreens\u00e3o e persist\u00eancia do namorado, hoje eles est\u00e3o casados, caminhando juntos na igreja e ela vive de forma exemplar sua f\u00e9 cat\u00f3lica. \u201d<\/em><\/p>\n\n\n\n<p>Para melhorar nossos relacionamentos, seja na fam\u00edlia, no conv\u00edvio com os amigos de comunidade ou de trabalho, precisamos dar esse passo. N\u00e3o cobrarmos das pessoas \u201ca compreens\u00e3o\u201d. Na verdade, parece que as pessoas est\u00e3o secas, como o homem da m\u00e3o seca esperando que algu\u00e9m o veja, lhe d\u00ea import\u00e2ncia e o coloque no centro (Mc 3,1-6). Jesus n\u00e3o esperou ser compreendido para compreender a necessidade desse homem e de tantos outros apresentados nos evangelhos.<\/p>\n\n\n\n<p>O Am\u00e1vel Jesus \u00e9 sens\u00edvel, \u00e9 a bondade, sempre se adianta e nos chama para as profundezas (Lc 5,4), onde, envoltos Nele, podemos ver para al\u00e9m das exterioridades rasas e deformadas. Se ainda n\u00e3o conseguimos \u00e9 porque, infelizmente, insistimos em ficar na margem, na superf\u00edcie do amor, sendo movidos por todo tipo de agita\u00e7\u00e3o.<\/p>\n\n\n\n<p>Contemplemos Jesus no alto da Cruz, todo chagado, olhando profundamente para n\u00f3s&#8230; o que Ele v\u00ea? Depois, ou\u00e7amos Sua voz: &#8220;Pai, perdoa-lhes, eles n\u00e3o sabem o que fazem&#8221; (Lc 23,34).<\/p>\n\n\n\n<p>Em nossas realidades espec\u00edficas, com seus desafios pr\u00f3prios, sejamos presen\u00e7a ousada de Jesus. Unamos nossas dores \u00e0s Dele e pe\u00e7amos A Gra\u00e7a para imit\u00e1-lo (Ef 5,1).<\/p>\n\n\n\n<p><em>\u201c\u00d3 Mestre, fazei que eu procure mais&#8230; compreender que ser compreendido&#8230;\u201d<\/em><\/p>\n","protected":false},"excerpt":{"rendered":"<p>Quem nunca ouviu a bel\u00edssima e encantadora ora\u00e7\u00e3o de S\u00e3o Francisco de Assis, cantada ou rezada? \u00c9 interessante observar como, para cada momento de nossa vida, um trechinho ou uma palavra dessa ora\u00e7\u00e3o ressoa diferente&#8230; com mais profundidade, clareza e sentido. Na frieza e indiferen\u00e7a generalizada em que vivemos, parece que essa frase cabe muito [&hellip;]<\/p>\n","protected":false},"author":2,"featured_media":1153,"comment_status":"open","ping_status":"open","sticky":false,"template":"","format":"standard","meta":{"_exactmetrics_skip_tracking":false,"_exactmetrics_sitenote_active":false,"_exactmetrics_sitenote_note":"","_exactmetrics_sitenote_category":0,"footnotes":""},"categories":[1],"tags":[134,136,19,138],"class_list":["post-1151","post","type-post","status-publish","format-standard","has-post-thumbnail","hentry","category-geral","tag-compreender","tag-egoismo","tag-oracao","tag-sao-francisco-de-assis"],"aioseo_notices":[],"_links":{"self":[{"href":"https:\/\/ibonitatis.com.br\/index.php?rest_route=\/wp\/v2\/posts\/1151","targetHints":{"allow":["GET"]}}],"collection":[{"href":"https:\/\/ibonitatis.com.br\/index.php?rest_route=\/wp\/v2\/posts"}],"about":[{"href":"https:\/\/ibonitatis.com.br\/index.php?rest_route=\/wp\/v2\/types\/post"}],"author":[{"embeddable":true,"href":"https:\/\/ibonitatis.com.br\/index.php?rest_route=\/wp\/v2\/users\/2"}],"replies":[{"embeddable":true,"href":"https:\/\/ibonitatis.com.br\/index.php?rest_route=%2Fwp%2Fv2%2Fcomments&post=1151"}],"version-history":[{"count":13,"href":"https:\/\/ibonitatis.com.br\/index.php?rest_route=\/wp\/v2\/posts\/1151\/revisions"}],"predecessor-version":[{"id":1245,"href":"https:\/\/ibonitatis.com.br\/index.php?rest_route=\/wp\/v2\/posts\/1151\/revisions\/1245"}],"wp:featuredmedia":[{"embeddable":true,"href":"https:\/\/ibonitatis.com.br\/index.php?rest_route=\/wp\/v2\/media\/1153"}],"wp:attachment":[{"href":"https:\/\/ibonitatis.com.br\/index.php?rest_route=%2Fwp%2Fv2%2Fmedia&parent=1151"}],"wp:term":[{"taxonomy":"category","embeddable":true,"href":"https:\/\/ibonitatis.com.br\/index.php?rest_route=%2Fwp%2Fv2%2Fcategories&post=1151"},{"taxonomy":"post_tag","embeddable":true,"href":"https:\/\/ibonitatis.com.br\/index.php?rest_route=%2Fwp%2Fv2%2Ftags&post=1151"}],"curies":[{"name":"wp","href":"https:\/\/api.w.org\/{rel}","templated":true}]}}