{"id":1155,"date":"2025-02-15T11:03:48","date_gmt":"2025-02-15T14:03:48","guid":{"rendered":"https:\/\/ibonitatis.com.br\/?p=1155"},"modified":"2025-02-15T11:03:49","modified_gmt":"2025-02-15T14:03:49","slug":"a-necessidade-de-criar-escolas-catolicas-no-brasil","status":"publish","type":"post","link":"https:\/\/ibonitatis.com.br\/?p=1155","title":{"rendered":"A NECESSIDADE DE CRIAR ESCOLAS CAT\u00d3LICAS NO BRASIL"},"content":{"rendered":"\n<p>\u201cTodo o que recebe um destes meninos em meu nome, a mim \u00e9 que recebe.\u201d (Marcos 9.37). Esta frase de Jesus nos permite falar um pouco sobre a import\u00e2ncia das escolas cat\u00f3licas.<\/p>\n\n\n\n<p>Em 31 de dezembro de 1.929 o Papa Pio XI publicou uma carta enc\u00edclica, Divini Illius Magistri, sobre a educa\u00e7\u00e3o crist\u00e3, sobre a import\u00e2ncia de n\u00e3o errarmos na educa\u00e7\u00e3o que direciona as crian\u00e7as para um fim maior que \u00e9 Deus, de como o homem deve portar-se nesta vida de modo a alcan\u00e7ar o objetivo para o qual foi criado. Deus fez-se presente em nosso meio para nos ensinar o caminho e a verdade, nos deixando evidente que n\u00e3o existe outro modo de ensinar se n\u00e3o por Ele. A forma\u00e7\u00e3o que recebemos deve nos dar todos os meios para alcan\u00e7armos a santifica\u00e7\u00e3o. O ensino atual e n\u00e3o crist\u00e3o \u00e9 incompleto e impede a conquista das virtudes.<\/p>\n\n\n\n<p>A crian\u00e7a se molda muito f\u00e1cil no meio em que vive, possui uma capacidade de aprendizagem muito grande, mas pouco a pouco, conforme vai crescendo, as suas faculdades v\u00e3o se estabilizando e vai ficando mais dif\u00edcil aceitar novos aprendizados. \u00c9 de extrema import\u00e2ncia deixar marcado, j\u00e1 na inf\u00e2ncia, as formas corretas. N\u00e3o devemos esperar que a crian\u00e7a seja capaz de entender o que \u00e9 exigido dela, desde o ber\u00e7o j\u00e1 devemos proibir as m\u00e1s inclina\u00e7\u00f5es.<\/p>\n\n\n\n<p>O Papa Pio XI ainda nos alerta, na carta, que a educa\u00e7\u00e3o deve ser algo social e n\u00e3o singular, que precisamos desenvolver 3 sociedades necess\u00e1rias e distintas, mas unidas harmonicamente por Deus. Duas delas s\u00e3o de ordem natural: a fam\u00edlia e a sociedade civil, e a terceira de ordem sobrenatural \u00e9 a Igreja. As duas primeiras n\u00e3o alcan\u00e7ar\u00e3o a educa\u00e7\u00e3o santificante sem a terceira.<\/p>\n\n\n\n<p>A fam\u00edlia isolada \u00e9 uma sociedade imperfeita, o Estado e a Igreja est\u00e3o interessados na educa\u00e7\u00e3o das crian\u00e7as. De fato, a fam\u00edlia n\u00e3o pode prover tudo, chega um momento que o conhecimento dos pais n\u00e3o \u00e9 mais suficiente para ensinar seus filhos, todas as disciplinas e metodologias, mesmo que a educa\u00e7\u00e3o familiar seja a \u00fanica solu\u00e7\u00e3o, n\u00e3o est\u00e1 isenta de dificuldades, os pais rapidamente ficam sobrecarregados, lhes falta tempo para conciliar todas as responsabilidades cotidianas. A crian\u00e7a, como um ser social apost\u00f3lico, precisa do contato com o mundo, mas de modo saud\u00e1vel. Estas 3 sociedades juntas (fam\u00edlia, sociedade civil e Igreja) devem oferecer \u00e0 crian\u00e7a uma educa\u00e7\u00e3o completa, que a fa\u00e7a capaz de cuidar de si mesma quando adulta, sem contaminar-se com os erros do mundo.<\/p>\n\n\n\n<p>A educa\u00e7\u00e3o superprotetora das fam\u00edlias, impedir\u00e1 a crian\u00e7a de enfrentar o mal, de se defender das adversidades mundanas. J\u00e1 a educa\u00e7\u00e3o atual exp\u00f5e as crian\u00e7as desde o ber\u00e7\u00e1rio a todas as investidas revolucion\u00e1rias do mundo (cabelo maluco, bailinho de carnaval, dia das bruxas, m\u00eas do folclore&#8230;) sem que ela tenha a capacidade de entender, mas j\u00e1 absorve esta exposi\u00e7\u00e3o e cada vez mais vai ficando dif\u00edcil se opor contra o mal e seus erros.<\/p>\n\n\n\n<p>Estas duas armadilhas (a superprote\u00e7\u00e3o e a exposi\u00e7\u00e3o completa) nos ajuda a entender a import\u00e2ncia das escolas cat\u00f3licas, elas completam a sociabilidade que falta nas fam\u00edlias. Nosso futuro depende da sa\u00fade espiritual da nossa juventude. N\u00f3s crist\u00e3os devemos estar atentos aos objetivos e metodologias das escolas cat\u00f3licas, precisamos exigir mais escolas cat\u00f3licas. Todos n\u00f3s precisamos de batismo, confiss\u00f5es, eucaristia, e as escolas cat\u00f3licas nos proporcionam novas voca\u00e7\u00f5es. A Fraternidade Sacerdotal de S\u00e3o Pio XI afirma que \u00be dos seus seminaristas vem de escolas cat\u00f3licas.<\/p>\n\n\n\n<p>Deus nos d\u00e1 as gra\u00e7as necess\u00e1rias para educar nossos filhos. Quando n\u00e3o h\u00e1 oportunidade de frequentar uma escola cat\u00f3lica, Deus d\u00e1 aos pais a gra\u00e7a de educar da melhor maneira poss\u00edvel e suscita voca\u00e7\u00f5es apesar das circunstancias hostis. De outro lado, quando as circunstancias s\u00e3o favor\u00e1veis, as voca\u00e7\u00f5es triplicam. Precisamos de mais escolas cat\u00f3licas!<\/p>\n\n\n\n<p>Refer\u00eancia:<\/p>\n\n\n\n<p>Carta enc\u00edclica Divini Illius Magistri<\/p>\n\n\n\n<p>Palestras da Fraternidade Sacerdotal de S\u00e3o Pio XI<\/p>\n","protected":false},"excerpt":{"rendered":"<p>\u201cTodo o que recebe um destes meninos em meu nome, a mim \u00e9 que recebe.\u201d (Marcos 9.37). Esta frase de Jesus nos permite falar um pouco sobre a import\u00e2ncia das escolas cat\u00f3licas. Em 31 de dezembro de 1.929 o Papa Pio XI publicou uma carta enc\u00edclica, Divini Illius Magistri, sobre a educa\u00e7\u00e3o crist\u00e3, sobre a [&hellip;]<\/p>\n","protected":false},"author":5,"featured_media":1170,"comment_status":"open","ping_status":"open","sticky":false,"template":"","format":"standard","meta":{"_exactmetrics_skip_tracking":false,"_exactmetrics_sitenote_active":false,"_exactmetrics_sitenote_note":"","_exactmetrics_sitenote_category":0,"footnotes":""},"categories":[1],"tags":[139],"class_list":["post-1155","post","type-post","status-publish","format-standard","has-post-thumbnail","hentry","category-geral","tag-escolas-catolicas"],"aioseo_notices":[],"_links":{"self":[{"href":"https:\/\/ibonitatis.com.br\/index.php?rest_route=\/wp\/v2\/posts\/1155","targetHints":{"allow":["GET"]}}],"collection":[{"href":"https:\/\/ibonitatis.com.br\/index.php?rest_route=\/wp\/v2\/posts"}],"about":[{"href":"https:\/\/ibonitatis.com.br\/index.php?rest_route=\/wp\/v2\/types\/post"}],"author":[{"embeddable":true,"href":"https:\/\/ibonitatis.com.br\/index.php?rest_route=\/wp\/v2\/users\/5"}],"replies":[{"embeddable":true,"href":"https:\/\/ibonitatis.com.br\/index.php?rest_route=%2Fwp%2Fv2%2Fcomments&post=1155"}],"version-history":[{"count":5,"href":"https:\/\/ibonitatis.com.br\/index.php?rest_route=\/wp\/v2\/posts\/1155\/revisions"}],"predecessor-version":[{"id":1174,"href":"https:\/\/ibonitatis.com.br\/index.php?rest_route=\/wp\/v2\/posts\/1155\/revisions\/1174"}],"wp:featuredmedia":[{"embeddable":true,"href":"https:\/\/ibonitatis.com.br\/index.php?rest_route=\/wp\/v2\/media\/1170"}],"wp:attachment":[{"href":"https:\/\/ibonitatis.com.br\/index.php?rest_route=%2Fwp%2Fv2%2Fmedia&parent=1155"}],"wp:term":[{"taxonomy":"category","embeddable":true,"href":"https:\/\/ibonitatis.com.br\/index.php?rest_route=%2Fwp%2Fv2%2Fcategories&post=1155"},{"taxonomy":"post_tag","embeddable":true,"href":"https:\/\/ibonitatis.com.br\/index.php?rest_route=%2Fwp%2Fv2%2Ftags&post=1155"}],"curies":[{"name":"wp","href":"https:\/\/api.w.org\/{rel}","templated":true}]}}