{"id":1164,"date":"2025-02-22T11:55:07","date_gmt":"2025-02-22T14:55:07","guid":{"rendered":"https:\/\/ibonitatis.com.br\/?p=1164"},"modified":"2025-02-22T11:55:08","modified_gmt":"2025-02-22T14:55:08","slug":"ser-livre-eis-a-questao","status":"publish","type":"post","link":"https:\/\/ibonitatis.com.br\/?p=1164","title":{"rendered":"SER LIVRE, EIS A QUEST\u00c3O"},"content":{"rendered":"\n<p>O rel\u00f3gio do carcer\u00e1rio marca 1h30min da madrugada. Soa a campainha e a voz de um policial anuncia: &#8220;Mais um &#8216;hospede&#8217;!&#8221; &#8211; e apresenta um jovem algemado: &#8220;Artigo 33&#8221;. O carcereiro, acostumado \u00e0 rotina, pensa: &#8220;Mais um traficante de drogas\u2026&#8221;. Recolhe o rapaz, mas antes vai fazer a sua ficha. Pergunta seu nome, sua idade\u2026 18 anos! &#8211; Responde meio amargurado, meio revoltado\u2026<\/p>\n\n\n\n<p>Preso pela primeira vez, o jovem vai ocupar o seu lugar em uma cela j\u00e1 abarrotada por muitos outros. Assustado, acomoda-se em um canto, mas mesmo depois do sil\u00eancio que se segue \u00e0s recep\u00e7\u00f5es, n\u00e3o consegue dormir, apreensivo. O que se passa em seu interior? Talvez venha \u00e0 sua lembran\u00e7a dias melhores, quando ainda n\u00e3o era escravo de seus v\u00edcios, ou considera\u00e7\u00f5es sobre sonhos da juventude, roubados pela op\u00e7\u00e3o de uma vida sem Deus\u2026<br>Logo chegam outros: &#8220;\u00c9 157!&#8221; &#8211; grita algu\u00e9m. Todos sabem que \u00e9 um assaltante \u00e0 m\u00e3o armada. Depois um homicida: 121\u2026 Um ano, dois anos, quinze anos de pena a cumprir!<\/p>\n\n\n\n<p>O que leva algu\u00e9m ao crime? Muitas causas. Por\u00e9m, n\u00e3o poucas vezes, o vazio de uma vida sem valores, ou a busca irracional por &#8216;valores&#8217; inconsistentes. Dizia Paul Claudel que &#8220;a juventude n\u00e3o foi feita para o prazer, mas sim para o hero\u00edsmo&#8221;. Sim! Nesse &#8216;vale de l\u00e1grimas&#8217; nossa vida \u00e9 uma luta. N\u00e3o s\u00f3 aos jovens, mas a todos n\u00f3s cabe optar entre uma vida de prazeres sem Deus, e uma vida de hero\u00edsmo.<\/p>\n\n\n\n<p>A verdadeira liberdade, que \u00e9 interior, n\u00e3o a teremos de &#8216;m\u00e3os beijadas&#8217;, nem na realiza\u00e7\u00e3o de nossos caprichos. Devemos conquist\u00e1-la! E isso significa muito mais do que estar fora das grades de uma pris\u00e3o. Quantos h\u00e1 que, mesmo fora delas, tem seus cora\u00e7\u00f5es encarcerados, presos a ambi\u00e7\u00f5es, vaidades e ego\u00edsmos que os escravizam! Liberdade \u00e9 sin\u00f4nimo de hero\u00edsmo e n\u00e3o uma busca desenfreada de prazeres. E isso diz respeito n\u00e3o apenas \u00e0s pessoas enquanto indiv\u00edduos, mas \u00e0s fam\u00edlias e \u00e0s comunidades. Na exorta\u00e7\u00e3o apost\u00f3lica &#8216;Christifidelis Laici&#8217; o saudoso Papa S\u00e3o Jo\u00e3o Paulo II, alertava que &#8220;\u00e9 verdadeiramente grave o fen\u00f4meno atual do secularismo: n\u00e3o atinge apenas os indiv\u00edduos, mas, de certa forma, comunidades inteiras, como j\u00e1 observava o Conc\u00edlio: &#8216;Multid\u00f5es cada vez maiores praticamente se separam da religi\u00e3o&#8221; (30\/12\/1988).<\/p>\n\n\n\n<p>Sirvam essas reflex\u00f5es para nos mover a atitudes concretas que ajudem a conduzir para o rumo verdadeiro nossos irm\u00e3os &#8216;encarcerados&#8217; &#8211; os de dentro, mas sobretudo os de fora das grades. E nos anime a pedir a Maria Sant\u00edssima- &#8220;que liberta dos grilh\u00f5es os pecadores&#8221; &#8211; que conduza a humanidade sofredora \u00e0 \u00fanica e verdadeira liberdade, que nos foi conquistada por seu Divino Filho, Jesus Cristo, fora da qual tudo \u00e9 ilus\u00e3o (MT 6, 33).<\/p>\n\n\n\n<p>(Artigo publicado originalmente na Revista Unidade da Diocese de S\u00e3o Carlos, e reeditada\u00a0com\u00a0adapta\u00e7\u00f5es)<\/p>\n","protected":false},"excerpt":{"rendered":"<p>O rel\u00f3gio do carcer\u00e1rio marca 1h30min da madrugada. Soa a campainha e a voz de um policial anuncia: &#8220;Mais um &#8216;hospede&#8217;!&#8221; &#8211; e apresenta um jovem algemado: &#8220;Artigo 33&#8221;. O carcereiro, acostumado \u00e0 rotina, pensa: &#8220;Mais um traficante de drogas\u2026&#8221;. Recolhe o rapaz, mas antes vai fazer a sua ficha. Pergunta seu nome, sua idade\u2026 [&hellip;]<\/p>\n","protected":false},"author":10,"featured_media":1166,"comment_status":"open","ping_status":"open","sticky":false,"template":"","format":"standard","meta":{"_exactmetrics_skip_tracking":false,"_exactmetrics_sitenote_active":false,"_exactmetrics_sitenote_note":"","_exactmetrics_sitenote_category":0,"footnotes":""},"categories":[1],"tags":[142,140,141],"class_list":["post-1164","post","type-post","status-publish","format-standard","has-post-thumbnail","hentry","category-geral","tag-juventude","tag-liberdade","tag-prisao"],"aioseo_notices":[],"_links":{"self":[{"href":"https:\/\/ibonitatis.com.br\/index.php?rest_route=\/wp\/v2\/posts\/1164","targetHints":{"allow":["GET"]}}],"collection":[{"href":"https:\/\/ibonitatis.com.br\/index.php?rest_route=\/wp\/v2\/posts"}],"about":[{"href":"https:\/\/ibonitatis.com.br\/index.php?rest_route=\/wp\/v2\/types\/post"}],"author":[{"embeddable":true,"href":"https:\/\/ibonitatis.com.br\/index.php?rest_route=\/wp\/v2\/users\/10"}],"replies":[{"embeddable":true,"href":"https:\/\/ibonitatis.com.br\/index.php?rest_route=%2Fwp%2Fv2%2Fcomments&post=1164"}],"version-history":[{"count":2,"href":"https:\/\/ibonitatis.com.br\/index.php?rest_route=\/wp\/v2\/posts\/1164\/revisions"}],"predecessor-version":[{"id":1168,"href":"https:\/\/ibonitatis.com.br\/index.php?rest_route=\/wp\/v2\/posts\/1164\/revisions\/1168"}],"wp:featuredmedia":[{"embeddable":true,"href":"https:\/\/ibonitatis.com.br\/index.php?rest_route=\/wp\/v2\/media\/1166"}],"wp:attachment":[{"href":"https:\/\/ibonitatis.com.br\/index.php?rest_route=%2Fwp%2Fv2%2Fmedia&parent=1164"}],"wp:term":[{"taxonomy":"category","embeddable":true,"href":"https:\/\/ibonitatis.com.br\/index.php?rest_route=%2Fwp%2Fv2%2Fcategories&post=1164"},{"taxonomy":"post_tag","embeddable":true,"href":"https:\/\/ibonitatis.com.br\/index.php?rest_route=%2Fwp%2Fv2%2Ftags&post=1164"}],"curies":[{"name":"wp","href":"https:\/\/api.w.org\/{rel}","templated":true}]}}