{"id":1239,"date":"2025-03-22T10:15:50","date_gmt":"2025-03-22T13:15:50","guid":{"rendered":"https:\/\/ibonitatis.com.br\/?p=1239"},"modified":"2025-03-22T10:15:51","modified_gmt":"2025-03-22T13:15:51","slug":"nao-se-distraia-voce-precisa-ler-este-artigo","status":"publish","type":"post","link":"https:\/\/ibonitatis.com.br\/?p=1239","title":{"rendered":"N\u00e3o se distraia. Voc\u00ea precisa ler este artigo!"},"content":{"rendered":"\n<p>S\u00e3o seis da manh\u00e3, o despertador toca. &#8211; Preciso levantar! Fa\u00e7o meu sinal da cruz, entrego o meu dia ao Senhor dele. Rapidamente j\u00e1 me recordo de tudo que preciso fazer hoje, al\u00e9m de todas as fun\u00e7\u00f5es habituais: \u00e9 dia de lavar roupas e levar as crian\u00e7as ao m\u00e9dico. <\/p>\n\n\n\n<p>Levanto, tomamos nosso caf\u00e9 e logo em seguida \u00e9 hora da atividade das crian\u00e7as. J\u00e1 s\u00e3o dez da manh\u00e3. &#8211; Meu Deus, como passou r\u00e1pido! Preciso colocar a roupa na m\u00e1quina. Mas, espera! Posso dar uma olhadinha no celular antes.<\/p>\n\n\n\n<p>&#8211; Que del\u00edcia, a L\u00facia est\u00e1 viajando. Quisera eu estar tamb\u00e9m!<\/p>\n\n\n\n<p>E l\u00e1 se foram 20 min, de olhadinha em olhadinha, de vida em vida, como uma vitrine de partes do mundo, onde s\u00e3o exibidos apenas o que querem que seja visto.<\/p>\n\n\n\n<p>Lembro-me ent\u00e3o das roupas, e de pe\u00e7a em pe\u00e7a, me recordo da viagem da Lucinha.<\/p>\n\n\n\n<p>&#8211; Ah! Como eu queria estar l\u00e1, mas sabe Deus quando vou conseguir. A mim me cabe roupas, panelas, fraldas e mais roupas. Triste e cansativa realidade!<\/p>\n\n\n\n<p>E l\u00e1 se foram 20 min do seu tempo e, mais tantos outros, consumindo sua energia e imagina\u00e7\u00e3o. A \u201colhadinha\u201d no celular n\u00e3o te custou apenas o seu tempo, lhe degenerou por dentro, arrebatou a sua ordem interior e exterior.<\/p>\n\n\n\n<p>Aqui, o celular foi o ponto chave da sua distra\u00e7\u00e3o, mas h\u00e1 tantas outras distra\u00e7\u00f5es, em sua maioria interiores, que te tiram a paz, roubam o seu sil\u00eancio, o foco e cuidado com a casa, seus filhos, trabalho \u2013 com aquilo que \u00e9 vital e que voc\u00ea se prop\u00f4s a fazer.<\/p>\n\n\n\n<p>Cada um de n\u00f3s temos uma \u201cfala interior\u201d, que \u00e9 superior, em quantidade, a todas as palavras que oralizamos no nosso cotidiano. Essa fala, pode nos reerguer ou nos derrubar, dependendo de como a alimentamos e a conduzimos. <\/p>\n\n\n\n<p>Os murm\u00farios, a raiva, a intemperan\u00e7a, os v\u00edcios, as nossas quedas em pecados repetidos, todos t\u00eam sua origem na nossa \u201cfala interior\u201d.<\/p>\n\n\n\n<p>Vejamos, sua tristeza, infelicidade com a sua realidade, n\u00e3o prov\u00e9m de compara\u00e7\u00f5es que interiormente voc\u00ea faz dia a dia, enquanto est\u00e1 em seus afazeres dom\u00e9sticos ou trabalhando? Aquela raiva do esposo, ou da esposa, n\u00e3o prov\u00e9m das palavras duras que voc\u00ea imagina falar-lhe quando a\/o encontrar? Aquele descontentamento com o que se tem, n\u00e3o \u00e9 porque interiormente voc\u00ea fica pensando no que poderia ter e que por diversas raz\u00f5es n\u00e3o tem e tem medo de que nunca tenha? A sua<br>revolta por ter sido humilhado n\u00e3o \u00e9 porque desejou com o cora\u00e7\u00e3o e com as palavras interiores o reconhecimento ou aceita\u00e7\u00e3o deste mundo? A vergonha pelo erro cometido publicamente n\u00e3o \u00e9 porque ficou imaginando o que os outros pensar\u00e3o ou falar\u00e3o de voc\u00ea?<\/p>\n\n\n\n<p>\u201cO meu reino n\u00e3o \u00e9 deste mundo.\u201d (Jo 18,36) J\u00e1 disse Jesus.<\/p>\n\n\n\n<p>Quantas distra\u00e7\u00f5es! Quantas distra\u00e7\u00f5es nos roubam do que precisamos ser. Cuidemos, pois, da nossa fala interior.<\/p>\n\n\n\n<p>Atentemo-nos, todos esses maus frutos causados pelas nossas distra\u00e7\u00f5es &#8211; tristeza, infelicidade, falta de paz, revolta, ansiedade, falta de ordem e tantos outros, prov\u00e9m de uma fala interior materialista. E o que nos tira da mat\u00e9ria? \u2013 A ora\u00e7\u00e3o.<\/p>\n\n\n\n<p>Aumentemos, pois, a vida de ora\u00e7\u00e3o e t\u00e3o logo redirecionaremos toda a nossa fala interior para o bem mais alto, para o bem da alma, e assim colheremos bons frutos em nosso cotidiano, com os nossos familiares pr\u00f3ximos e, venceremos os v\u00edcios e erros que temos tentado nos superar.<\/p>\n\n\n\n<p>Interrompamos nossa fala interior deca\u00edda com jaculat\u00f3rias, a todo o tempo \u2013 \u201cSenhor, tem piedade de mim.\u201d \u201cSenhor, salvai-me de mim mesmo.\u201d \u201cSenhor, salvai-me da minha mis\u00e9ria.\u201d \u201cSocorrei-me.\u201d \u201cDoce cora\u00e7\u00e3o de Maria, sede minha salva\u00e7\u00e3o.\u201d E transformemos assim, o nosso dia em um grande clamor a Deus.<\/p>\n\n\n\n<p>Os momentos de ora\u00e7\u00e3o em medita\u00e7\u00e3o nos tirar\u00e3o do anseio pelos bens materiais, prazeres e desejosas gl\u00f3rias deste mundo, e esses ser\u00e3o substitu\u00eddos pelo desejo das coisas do c\u00e9u, pelo bem e ordem da alma, pelo o que realmente importa, e isso nos bastar\u00e1. As jaculat\u00f3rias e s\u00faplicas ao Nosso Senhor e a Virgem Sant\u00edssima, por sua vez, nos ajudar\u00e3o a interromper os maus pensamentos que emergem como um ladr\u00e3o, querendo nos roubar daquilo que Deus deseja que eu seja. Neste caso, m\u00e3e, esposa e do lar com excel\u00eancia, segundo o cora\u00e7\u00e3o de Deus.<\/p>\n\n\n\n<p>Seja qual for a sua voca\u00e7\u00e3o e estado de vida, n\u00e3o ceda a distra\u00e7\u00f5es, ore, pois o que Deus te chama a ser, em sua plenitude, n\u00e3o pertence a este mundo.<\/p>\n\n\n\n<p>\u201cUma \u00e1gua turva e agitada n\u00e3o espelha a face de quem sobre ela se debru\u00e7a. Se queres que a face de Cristo, que te protege, se espelhe em ti, sai do tumulto das coisas exteriores, seja tranquila a tua alma.\u201d Santo Ant\u00f4nio<\/p>\n","protected":false},"excerpt":{"rendered":"<p>S\u00e3o seis da manh\u00e3, o despertador toca. &#8211; Preciso levantar! Fa\u00e7o meu sinal da cruz, entrego o meu dia ao Senhor dele. Rapidamente j\u00e1 me recordo de tudo que preciso fazer hoje, al\u00e9m de todas as fun\u00e7\u00f5es habituais: \u00e9 dia de lavar roupas e levar as crian\u00e7as ao m\u00e9dico. Levanto, tomamos nosso caf\u00e9 e logo [&hellip;]<\/p>\n","protected":false},"author":13,"featured_media":1241,"comment_status":"open","ping_status":"open","sticky":false,"template":"","format":"standard","meta":{"_exactmetrics_skip_tracking":false,"_exactmetrics_sitenote_active":false,"_exactmetrics_sitenote_note":"","_exactmetrics_sitenote_category":0,"footnotes":""},"categories":[1],"tags":[],"class_list":["post-1239","post","type-post","status-publish","format-standard","has-post-thumbnail","hentry","category-geral"],"aioseo_notices":[],"_links":{"self":[{"href":"https:\/\/ibonitatis.com.br\/index.php?rest_route=\/wp\/v2\/posts\/1239","targetHints":{"allow":["GET"]}}],"collection":[{"href":"https:\/\/ibonitatis.com.br\/index.php?rest_route=\/wp\/v2\/posts"}],"about":[{"href":"https:\/\/ibonitatis.com.br\/index.php?rest_route=\/wp\/v2\/types\/post"}],"author":[{"embeddable":true,"href":"https:\/\/ibonitatis.com.br\/index.php?rest_route=\/wp\/v2\/users\/13"}],"replies":[{"embeddable":true,"href":"https:\/\/ibonitatis.com.br\/index.php?rest_route=%2Fwp%2Fv2%2Fcomments&post=1239"}],"version-history":[{"count":2,"href":"https:\/\/ibonitatis.com.br\/index.php?rest_route=\/wp\/v2\/posts\/1239\/revisions"}],"predecessor-version":[{"id":1244,"href":"https:\/\/ibonitatis.com.br\/index.php?rest_route=\/wp\/v2\/posts\/1239\/revisions\/1244"}],"wp:featuredmedia":[{"embeddable":true,"href":"https:\/\/ibonitatis.com.br\/index.php?rest_route=\/wp\/v2\/media\/1241"}],"wp:attachment":[{"href":"https:\/\/ibonitatis.com.br\/index.php?rest_route=%2Fwp%2Fv2%2Fmedia&parent=1239"}],"wp:term":[{"taxonomy":"category","embeddable":true,"href":"https:\/\/ibonitatis.com.br\/index.php?rest_route=%2Fwp%2Fv2%2Fcategories&post=1239"},{"taxonomy":"post_tag","embeddable":true,"href":"https:\/\/ibonitatis.com.br\/index.php?rest_route=%2Fwp%2Fv2%2Ftags&post=1239"}],"curies":[{"name":"wp","href":"https:\/\/api.w.org\/{rel}","templated":true}]}}