{"id":1246,"date":"2025-04-05T11:11:29","date_gmt":"2025-04-05T14:11:29","guid":{"rendered":"https:\/\/ibonitatis.com.br\/?p=1246"},"modified":"2025-04-05T11:11:31","modified_gmt":"2025-04-05T14:11:31","slug":"paciencia-na-dor-alma-crista","status":"publish","type":"post","link":"https:\/\/ibonitatis.com.br\/?p=1246","title":{"rendered":"PACI\u00caNCIA NA DOR, ALMA CRIST\u00c3!"},"content":{"rendered":"\n<p>A vida de Jesus foi um mart\u00edrio cont\u00ednuo, experimentado no cora\u00e7\u00e3o devido a ingratid\u00e3o e pecado dos homens e no corpo ao ser flagelado, crucificado e morto na cruz: \u201chomem das dores, experimentado no sofrimento\u2026 maltratado, ele se submeteu, e n\u00e3o abriu a boca.\u201d (Is 53, 3; 7). Toda a vida de Cristo foi um cont\u00ednuo ensinamento, um ex\u00edmio testemunho de abandono e obedi\u00eancia \u00e0 Vontade do Pai, culminado na aceita\u00e7\u00e3o do sacrif\u00edcio total para a reden\u00e7\u00e3o do mundo.<\/p>\n\n\n\n<p>S\u00e3o Lu\u00eds Maria Grignon de Montfort, em sua medita\u00e7\u00e3o sobre o mist\u00e9rio doloroso do Santo Ros\u00e1rio, nos aproxima do profundo amor de Nosso Senhor: seu retiro solit\u00e1rio no Horto das Oliveiras, sua paci\u00eancia e do\u00e7ura com que suportou os Ap\u00f3stolos, o t\u00e9dio em sua alma e apreens\u00e3o frente aos algozes, a dor provocada pelas bofetadas e tamb\u00e9m pelas cordas com que foi atado. E o que dizer das feridas abertas pelas varas espinhosas dos soldados e da rispidez com que seus cabelos e barbas foram arrancados? \u201cEle se submeteu, e n\u00e3o abriu a boca.\u201d<\/p>\n\n\n\n<p>Mesmo assim Ele caminhou firme at\u00e9 o Calv\u00e1rio, levantou-se em cada queda, abra\u00e7ou e beijou a Cruz, teve o cora\u00e7\u00e3o transpassado pela lan\u00e7a e explicitamente manifestou Seu \u201camor at\u00e9 o fim\u201d (Jo 13, 1). Nenhum homem tinha condi\u00e7\u00f5es de tomar para si os pecados da humanidade, somente Jesus, mas de certo modo, pela sua Pessoa Divina encarnada, uniu a si todos e ofereceu a oportunidade de participarem do Mist\u00e9rio Pascal. Ele chama seus disc\u00edpulos a \u201ctomar a cruz e segui-Lo\u201d (Mt 16, 24) a fim de seguir os seus passos e associar a seu sacrif\u00edcio redentor aqueles mesmos que s\u00e3o seus primeiros benefici\u00e1rios.<\/p>\n\n\n\n<p>Podemos dizer que fomos eleitos para ser Ap\u00f3stolos da Cruz e chamados a testemunhar: \u201cSalve, \u00f3 Cruz, \u00fanica esperan\u00e7a\u201d. Sendo assim, na estrada da nossa vida, quando fulminar algum raio de dor, seja pela enfermidade, adversidade, indiferen\u00e7a, solid\u00e3o, contrariedade ou tribula\u00e7\u00e3o, digamos: \u201cSalve, \u00f3 Cruz, \u00fanica esperan\u00e7a\u201d! Lembremos que \u201co servo n\u00e3o \u00e9 maior do que o seu senhor\u201d (Mt 15, 20), o caminho a ser trilhado \u00e9 semelhante ao Dele, mas n\u00e3o estamos \u00e0 merc\u00ea, desamparados: o Redentor sofre conosco, enobrece e diviniza em certa medida as nossas dores.<\/p>\n\n\n\n<p>Li certa vez que um dia Nosso Senhor mostrou \u00e0 Santa Gema Galgani as suas chagas e disse-lhe: \u201cV\u00ea, minha filha, e aprende como se ama!\u201d Na sequ\u00eancia do texto o autor indagava: \u201cN\u00e3o \u00e9 essa a linguagem do Crucifixo?\u201d Realmente Jesus Crucificado \u00e9 a eterna li\u00e7\u00e3o de amor! \u00c9 no Calv\u00e1rio que se aprende a amar o Amor, na express\u00e3o de Santa Teresinha. Pode ser que em algum momento digamos como Jesus: \u201cmeu Pai, se \u00e9 poss\u00edvel, afasta de mim este c\u00e1lice!\u201d, mas sabemos que Ele tamb\u00e9m pediu: \u201c(\u2026) n\u00e3o se fa\u00e7a o que eu quero, mas sim o que tu queres\u201d. (Mt 26, 3).<\/p>\n\n\n\n<p>A obedi\u00eancia custa, exige sacrif\u00edcios, entretanto, no fundo da alma h\u00e1 uma certeza: \u201c\u00f3 abismo da Miseric\u00f3rdia Divina\u201d, via Crucis bendita! Os disc\u00edpulos de Cristo devem conformar-se com Ele at\u00e9 Ele se formar neles (Gl 4, 19) e assim serem inseridos nos mist\u00e9rios de sua vida, com Ele configurados, com Ele mortos e com Ele ressuscitados, at\u00e9 que com Ele reinem.<\/p>\n\n\n\n<p>Paci\u00eancia, alma crist\u00e3!<\/p>\n\n\n\n<p>O mart\u00edrio do Calv\u00e1rio foi e continua sendo mart\u00edrio de Amor e \u201cfora da Cruz n\u00e3o existe outra escada por onde subir ao c\u00e9u.\u201d (Santa Rosa de Lima)<\/p>\n","protected":false},"excerpt":{"rendered":"<p>A vida de Jesus foi um mart\u00edrio cont\u00ednuo, experimentado no cora\u00e7\u00e3o devido a ingratid\u00e3o e pecado dos homens e no corpo ao ser flagelado, crucificado e morto na cruz: \u201chomem das dores, experimentado no sofrimento\u2026 maltratado, ele se submeteu, e n\u00e3o abriu a boca.\u201d (Is 53, 3; 7). Toda a vida de Cristo foi um [&hellip;]<\/p>\n","protected":false},"author":12,"featured_media":1248,"comment_status":"open","ping_status":"open","sticky":false,"template":"","format":"standard","meta":{"_exactmetrics_skip_tracking":false,"_exactmetrics_sitenote_active":false,"_exactmetrics_sitenote_note":"","_exactmetrics_sitenote_category":0,"footnotes":""},"categories":[1],"tags":[],"class_list":["post-1246","post","type-post","status-publish","format-standard","has-post-thumbnail","hentry","category-geral"],"aioseo_notices":[],"_links":{"self":[{"href":"https:\/\/ibonitatis.com.br\/index.php?rest_route=\/wp\/v2\/posts\/1246","targetHints":{"allow":["GET"]}}],"collection":[{"href":"https:\/\/ibonitatis.com.br\/index.php?rest_route=\/wp\/v2\/posts"}],"about":[{"href":"https:\/\/ibonitatis.com.br\/index.php?rest_route=\/wp\/v2\/types\/post"}],"author":[{"embeddable":true,"href":"https:\/\/ibonitatis.com.br\/index.php?rest_route=\/wp\/v2\/users\/12"}],"replies":[{"embeddable":true,"href":"https:\/\/ibonitatis.com.br\/index.php?rest_route=%2Fwp%2Fv2%2Fcomments&post=1246"}],"version-history":[{"count":2,"href":"https:\/\/ibonitatis.com.br\/index.php?rest_route=\/wp\/v2\/posts\/1246\/revisions"}],"predecessor-version":[{"id":1276,"href":"https:\/\/ibonitatis.com.br\/index.php?rest_route=\/wp\/v2\/posts\/1246\/revisions\/1276"}],"wp:featuredmedia":[{"embeddable":true,"href":"https:\/\/ibonitatis.com.br\/index.php?rest_route=\/wp\/v2\/media\/1248"}],"wp:attachment":[{"href":"https:\/\/ibonitatis.com.br\/index.php?rest_route=%2Fwp%2Fv2%2Fmedia&parent=1246"}],"wp:term":[{"taxonomy":"category","embeddable":true,"href":"https:\/\/ibonitatis.com.br\/index.php?rest_route=%2Fwp%2Fv2%2Fcategories&post=1246"},{"taxonomy":"post_tag","embeddable":true,"href":"https:\/\/ibonitatis.com.br\/index.php?rest_route=%2Fwp%2Fv2%2Ftags&post=1246"}],"curies":[{"name":"wp","href":"https:\/\/api.w.org\/{rel}","templated":true}]}}