{"id":1277,"date":"2025-04-19T10:10:23","date_gmt":"2025-04-19T13:10:23","guid":{"rendered":"https:\/\/ibonitatis.com.br\/?p=1277"},"modified":"2025-04-19T10:10:24","modified_gmt":"2025-04-19T13:10:24","slug":"rezar-e-mesmo-importante","status":"publish","type":"post","link":"https:\/\/ibonitatis.com.br\/?p=1277","title":{"rendered":"Rezar \u00e9 mesmo importante?"},"content":{"rendered":"\n<p>Certa vez, numa sociedade onde todos viviam plenamente a verdadeira f\u00e9 e Deus estava no centro de todas as a\u00e7\u00f5es dos homens, a felicidade era poss\u00edvel! Essa \u00e9 a exclama\u00e7\u00e3o que temos para meditarmos na seguinte pergunta: rezar \u00e9 importante?<\/p>\n\n\n\n<p>Rezar, ou dizer em prece, \u00e9 um ato inerente da religi\u00e3o, e essa vem do latim <em>religare<\/em> que significa \u201cligar novamente ao que lhe deu origem\u201d, ou seja, ao Criador. Como posso fazer Dele o centro de minhas a\u00e7\u00f5es se n\u00e3o nos conhecemos, se n\u00e3o h\u00e1 uma uni\u00e3o de cora\u00e7\u00f5es? Ningu\u00e9m ama o que n\u00e3o conhece.<\/p>\n\n\n\n<p>O s\u00e9culo XXI alcan\u00e7ou um modo de vida cotidiana da humanidade que est\u00e1 divorciada de Nosso Senhor, e ad\u00faltera com o mundo. As tecnologias distanciaram o trato humano e geraram tantas afli\u00e7\u00f5es e \u201cobriga\u00e7\u00f5es\u201d que \u00e9 comum escutar de cat\u00f3licos: \u201cN\u00e3o rezo por que n\u00e3o tenho tempo\u201d. N\u00e3o podemos concluir que, na verdade, desperdi\u00e7o meu tempo e n\u00e3o priorizo a minha rela\u00e7\u00e3o com o meu Senhor? Encontrando um conto entre folhas de pap\u00e9is aleat\u00f3rias, ele nos ilustra bem tal medita\u00e7\u00e3o. Com t\u00edtulo \u201c As tintas da ora\u00e7\u00e3o\u201d o conto iniciava assim: Quando o sino tocava, os monges dirigiam-se para a igreja. Era a hora de rezar louvando a Deus. Uma noite, o prior do mosteiro teve uma vis\u00e3o. Ao passar pela igreja onde os monges estavam a rezar, viu que atr\u00e1s de cada um estava um anjo a escrever num grande livro. Um escrevia com tinta dourada, outro prateada, outro preta. Um outro escrevia com \u00e1gua e outro nada escrevia. O prior pediu a Deus que lhe explicasse o sentido da vis\u00e3o. Ele disse-lhe: _ O anjo que escrevia com tinta de ouro significava que o monge estava a rezar muito bem. Com tinta prateada rezava mais ou menos. Com tinta preta s\u00f3 rezava com a boca. O que escrevia com \u00e1gua significava que estava o monge muito distra\u00eddo. Um anjo n\u00e3o escrevia nada, porque o monge estava a dormir. No dia seguinte o prior contou-lhes o sonho para que cada um fizesse o seu exame de consci\u00eancia e acrescentou: Rezar n\u00e3o \u00e9 f\u00e1cil e nosso Pai do c\u00e9u \u00e9 invis\u00edvel e silencioso. Por isso a ora\u00e7\u00e3o exige de nossa parte esfor\u00e7o!<\/p>\n\n\n\n<p>Qu\u00e3o belo conto! Em qual banca de jornal encontrar\u00edamos preciosas considera\u00e7\u00f5es ou\u00a0 nas redes sociais viralizasse a a\u00e7\u00e3o : A ora\u00e7\u00e3o \u00e9 importante! Em nossos dias \u00e9 um ate\u00edsmo pr\u00e1tico lacerante. Que nosso aux\u00edlio venha dos anjos e que, mesmo em meio aos trabalhos e preocupa\u00e7\u00f5es di\u00e1rias, tenhamos a certeza que rezar \u00e9 primordial para aqueles que desejam ser feliz na sociedade temporal e eternamente unido \u00e0 Sant\u00edssima Trindade, no c\u00e9u!<\/p>\n","protected":false},"excerpt":{"rendered":"<p>Certa vez, numa sociedade onde todos viviam plenamente a verdadeira f\u00e9 e Deus estava no centro de todas as a\u00e7\u00f5es dos homens, a felicidade era poss\u00edvel! Essa \u00e9 a exclama\u00e7\u00e3o que temos para meditarmos na seguinte pergunta: rezar \u00e9 importante? Rezar, ou dizer em prece, \u00e9 um ato inerente da religi\u00e3o, e essa vem do [&hellip;]<\/p>\n","protected":false},"author":17,"featured_media":1278,"comment_status":"open","ping_status":"open","sticky":false,"template":"","format":"standard","meta":{"_exactmetrics_skip_tracking":false,"_exactmetrics_sitenote_active":false,"_exactmetrics_sitenote_note":"","_exactmetrics_sitenote_category":0,"footnotes":""},"categories":[1],"tags":[],"class_list":["post-1277","post","type-post","status-publish","format-standard","has-post-thumbnail","hentry","category-geral"],"aioseo_notices":[],"_links":{"self":[{"href":"https:\/\/ibonitatis.com.br\/index.php?rest_route=\/wp\/v2\/posts\/1277","targetHints":{"allow":["GET"]}}],"collection":[{"href":"https:\/\/ibonitatis.com.br\/index.php?rest_route=\/wp\/v2\/posts"}],"about":[{"href":"https:\/\/ibonitatis.com.br\/index.php?rest_route=\/wp\/v2\/types\/post"}],"author":[{"embeddable":true,"href":"https:\/\/ibonitatis.com.br\/index.php?rest_route=\/wp\/v2\/users\/17"}],"replies":[{"embeddable":true,"href":"https:\/\/ibonitatis.com.br\/index.php?rest_route=%2Fwp%2Fv2%2Fcomments&post=1277"}],"version-history":[{"count":1,"href":"https:\/\/ibonitatis.com.br\/index.php?rest_route=\/wp\/v2\/posts\/1277\/revisions"}],"predecessor-version":[{"id":1279,"href":"https:\/\/ibonitatis.com.br\/index.php?rest_route=\/wp\/v2\/posts\/1277\/revisions\/1279"}],"wp:featuredmedia":[{"embeddable":true,"href":"https:\/\/ibonitatis.com.br\/index.php?rest_route=\/wp\/v2\/media\/1278"}],"wp:attachment":[{"href":"https:\/\/ibonitatis.com.br\/index.php?rest_route=%2Fwp%2Fv2%2Fmedia&parent=1277"}],"wp:term":[{"taxonomy":"category","embeddable":true,"href":"https:\/\/ibonitatis.com.br\/index.php?rest_route=%2Fwp%2Fv2%2Fcategories&post=1277"},{"taxonomy":"post_tag","embeddable":true,"href":"https:\/\/ibonitatis.com.br\/index.php?rest_route=%2Fwp%2Fv2%2Ftags&post=1277"}],"curies":[{"name":"wp","href":"https:\/\/api.w.org\/{rel}","templated":true}]}}