{"id":1325,"date":"2025-05-17T09:36:53","date_gmt":"2025-05-17T12:36:53","guid":{"rendered":"https:\/\/ibonitatis.com.br\/?p=1325"},"modified":"2025-05-17T09:36:55","modified_gmt":"2025-05-17T12:36:55","slug":"a-ordem-e-o-belo","status":"publish","type":"post","link":"https:\/\/ibonitatis.com.br\/?p=1325","title":{"rendered":"A ORDEM E O BELO!"},"content":{"rendered":"\n<p>Sim! O belo \u00e9 a total perfei\u00e7\u00e3o de Deus!<\/p>\n\n\n\n<p>Como, neste s\u00e9culo, podemos buscar o belo? A perfei\u00e7\u00e3o? <\/p>\n\n\n\n<p>H\u00e1 uma solu\u00e7\u00e3o! Retornar ao belo da sacralidade.<\/p>\n\n\n\n<p>Essa busca deve come\u00e7ar pela nossa casa. Mas, como fa\u00e7o para elevar minha alma a Deus em meio ao cotidiano?<\/p>\n\n\n\n<p>Com imagens sagradas, ora\u00e7\u00f5es, objetos de piedade. Sim, isso \u00e9 poss\u00edvel!<\/p>\n\n\n\n<p>Ser\u00e1 necess\u00e1rio gastar muito? E se n\u00e3o tenho a casa dos sonhos!<\/p>\n\n\n\n<p>Nossa! Como seria belo morar em um castelo medieval, ou entre os jardins da \u00c1ustria, onde reis e pr\u00edncipes moraram! Mas estamos no Brasil, talvez interior do estado de S\u00e3o Paulo, uma realidade bem diferente. E agora? Vamos desistir? N\u00e3o!<\/p>\n\n\n\n<p>Um Cat\u00f3lico Apost\u00f3lico Romano nunca desiste! Sempre persiste. Desanimar, jamais!<\/p>\n\n\n\n<p>Vamos ao ponto: A arte na casa, nos ambientes comuns, nas fam\u00edlias de hoje.<\/p>\n\n\n\n<p>Fam\u00edlias numerosas ou n\u00e3o, com filhos ou sem, em casas grandes ou pequenas, o lar \u00e9 o lugar onde o belo, a harmonia e o esplendor devem habitar.<\/p>\n\n\n\n<p>Qual a import\u00e2ncia da harmonia nos objetos, nos quadros, nos m\u00f3veis? Ela reflete a harmonia da alma.<\/p>\n\n\n\n<p>Comecemos pela limpeza e pela ordem, como na paisagem do mar: &nbsp;tudo se encontra e harmoniza &#8211; a cor, o movimento da \u00e1gua, o som, a ilha. Cada coisa em seu devido lugar.<\/p>\n\n\n\n<p>Nosso interior tamb\u00e9m precisa de ordem: confiss\u00e3o, ros\u00e1rio, missa, sacramentos. Cada um conforme seu estado de vida.<\/p>\n\n\n\n<p>A casa \u00e9 tamb\u00e9m o lugar onde surgem as crises: conjugais, f\u00edsicas, doen\u00e7as, m\u00e1 alimenta\u00e7\u00e3o, tristezas, solid\u00e3o, abandono, entre tantas outras. Mas vivemos um dia de cada vez.<\/p>\n\n\n\n<p>O ontem j\u00e1 passou. O futuro pertence a Deus. O que n\u00e3o consegui ontem, tento hoje.<\/p>\n\n\n\n<p>A batalha da nossa vida cotidiana se d\u00e1 desde o despertar at\u00e9 o recolher.<\/p>\n\n\n\n<p>Batalhas para ordenar o \u201ceu\u201d, a rotina, o cotidiano, a limpeza da casa, a educa\u00e7\u00e3o dos filhos&#8230;<\/p>\n\n\n\n<p>Meu Deus, como fazer?<\/p>\n\n\n\n<p>Sim, pedir aux\u00edlio de Nossa Senhora a todo momento. Entregar cada tarefa a fazer, ou ao execut\u00e1-la oferec\u00ea-la: pelos nossos pecados, pelos nossos filhos, familiares, almas do purgat\u00f3rio, e principalmente pelos religiosos e sacerdotes.<\/p>\n\n\n\n<p>Deus \u00e9 ordem. Deus fez tudo ordenado. Sua natureza perfeita. Tudo que Deus fez e faz, \u00e9 belo.<\/p>\n\n\n\n<p>Percebemos isso quando mudamos de rotina e estabelecemos a limpeza: ela gera tranquilidade, amor, paz e beleza. A limpeza traz, como uma onda do mar, outras virtudes.<\/p>\n\n\n\n<p>Mas quando deixamos a vida nos levar pela pregui\u00e7a e outros v\u00edcios, a \u201conda\u201d carrega sujeiras. E demora dias para o mar se limpar.<\/p>\n\n\n\n<p>Assim \u00e9 uma alma desordenada, a casa suja, a vida desorganizada: demora a voltar ao equil\u00edbrio, como &nbsp;quando o mar est\u00e1 revolto e a areia cheia de sujeiras.<\/p>\n\n\n\n<p>Nossa casa, nossa vida, deve ser assim tamb\u00e9m: restabelecida na confiss\u00e3o &#8211; se poss\u00edvel, semanal \u2013 e com a casa f\u00edsica e emocional organizada.<\/p>\n\n\n\n<p>Assim, devo eu tamb\u00e9m, onde quer que esteja, tentar harmonizar com limpeza, beleza, movimento e som \u2013 dentro do meu estado de vida e do papel que exer\u00e7o na sociedade. Tentar, o quanto poss\u00edvel, estabelecer um ambiente: agrad\u00e1vel, acolhedor, justo, am\u00e1vel, silencioso, mas alegre.<\/p>\n\n\n\n<p>Para assim chegarmos \u00e0 restaura\u00e7\u00e3o total da inoc\u00eancia, onde adentraremos ao Reino de Maria.<\/p>\n","protected":false},"excerpt":{"rendered":"<p>Sim! O belo \u00e9 a total perfei\u00e7\u00e3o de Deus! Como, neste s\u00e9culo, podemos buscar o belo? A perfei\u00e7\u00e3o? H\u00e1 uma solu\u00e7\u00e3o! Retornar ao belo da sacralidade. Essa busca deve come\u00e7ar pela nossa casa. Mas, como fa\u00e7o para elevar minha alma a Deus em meio ao cotidiano? Com imagens sagradas, ora\u00e7\u00f5es, objetos de piedade. Sim, isso [&hellip;]<\/p>\n","protected":false},"author":19,"featured_media":1327,"comment_status":"open","ping_status":"open","sticky":false,"template":"","format":"standard","meta":{"_exactmetrics_skip_tracking":false,"_exactmetrics_sitenote_active":false,"_exactmetrics_sitenote_note":"","_exactmetrics_sitenote_category":0,"footnotes":""},"categories":[1],"tags":[],"class_list":["post-1325","post","type-post","status-publish","format-standard","has-post-thumbnail","hentry","category-geral"],"aioseo_notices":[],"_links":{"self":[{"href":"https:\/\/ibonitatis.com.br\/index.php?rest_route=\/wp\/v2\/posts\/1325","targetHints":{"allow":["GET"]}}],"collection":[{"href":"https:\/\/ibonitatis.com.br\/index.php?rest_route=\/wp\/v2\/posts"}],"about":[{"href":"https:\/\/ibonitatis.com.br\/index.php?rest_route=\/wp\/v2\/types\/post"}],"author":[{"embeddable":true,"href":"https:\/\/ibonitatis.com.br\/index.php?rest_route=\/wp\/v2\/users\/19"}],"replies":[{"embeddable":true,"href":"https:\/\/ibonitatis.com.br\/index.php?rest_route=%2Fwp%2Fv2%2Fcomments&post=1325"}],"version-history":[{"count":4,"href":"https:\/\/ibonitatis.com.br\/index.php?rest_route=\/wp\/v2\/posts\/1325\/revisions"}],"predecessor-version":[{"id":1332,"href":"https:\/\/ibonitatis.com.br\/index.php?rest_route=\/wp\/v2\/posts\/1325\/revisions\/1332"}],"wp:featuredmedia":[{"embeddable":true,"href":"https:\/\/ibonitatis.com.br\/index.php?rest_route=\/wp\/v2\/media\/1327"}],"wp:attachment":[{"href":"https:\/\/ibonitatis.com.br\/index.php?rest_route=%2Fwp%2Fv2%2Fmedia&parent=1325"}],"wp:term":[{"taxonomy":"category","embeddable":true,"href":"https:\/\/ibonitatis.com.br\/index.php?rest_route=%2Fwp%2Fv2%2Fcategories&post=1325"},{"taxonomy":"post_tag","embeddable":true,"href":"https:\/\/ibonitatis.com.br\/index.php?rest_route=%2Fwp%2Fv2%2Ftags&post=1325"}],"curies":[{"name":"wp","href":"https:\/\/api.w.org\/{rel}","templated":true}]}}