{"id":1435,"date":"2025-07-04T21:44:46","date_gmt":"2025-07-05T00:44:46","guid":{"rendered":"https:\/\/ibonitatis.com.br\/?p=1435"},"modified":"2025-07-04T21:44:47","modified_gmt":"2025-07-05T00:44:47","slug":"a-predestinacao-divina-de-nossa-senhora","status":"publish","type":"post","link":"https:\/\/ibonitatis.com.br\/?p=1435","title":{"rendered":"A PREDESTINA\u00c7\u00c3O DIVINA DE NOSSA SENHORA"},"content":{"rendered":"\n<p>No serm\u00e3o do nascimento da M\u00e3e de Deus o Padre Ant\u00f4nio Vieira pergunta: \u201c<em>quereis saber qu\u00e3o feliz, qu\u00e3o alto e qu\u00e3o digno de ser festejado o nascimento de Maria? Vede para que Ela nasceu<\/em>&#8230; <em>Nasceu para que dela nascesse Deus!\u201d.<\/em><\/p>\n\n\n\n<p>Todos os homens e mulheres em geral s\u00e3o predestinados por Deus para o C\u00e9u. Existimos em Deus desde toda a eternidade, e em dado momento fomos concebidos no tempo e viemos \u00e0 luz para este mundo. Para que nascemos? Nascemos para a bem-aventuran\u00e7a eterna com Deus: <em>Desde a aurora, ansioso vos busco! A minha alma tem sede de v\u00f3s, minha carne tamb\u00e9m v\u00f3s deseja como terra sedenta e sem \u00e1gua! Salmo 63.<\/em><\/p>\n\n\n\n<p>Tamb\u00e9m Maria foi predestinada ao C\u00e9u? A Virgem Sant\u00edssima \u00e9 Rainha do C\u00e9u e da Terra, mas sua predestina\u00e7\u00e3o \u00e9 incomparavelmente mais elevada. Para que nasceu Maria? <em>\u201cNasceu para que dela nascesse Jesus!\u201d.<\/em><\/p>\n\n\n\n<p>Deus Pai n\u00e3o concedeu seu Filho Unig\u00eanito ao mundo a n\u00e3o ser por Maria; Deus Esp\u00edrito Santo comunicou a Maria a sua fecundidade,\u00a0 e o Filho de Deus se fez\u00a0Homem para nos salvar, em Maria e por Maria! <em>(Cf. S\u00e3o Lu\u00eds Grignion de Montfort). <\/em>Maria foi predestinada desde todos os s\u00e9culos para ser a M\u00e3e de Deus!<\/p>\n\n\n\n<p>Essa predestina\u00e7\u00e3o a torna \u00fanica na ordem da cria\u00e7\u00e3o, da natureza, da gra\u00e7a e da gl\u00f3ria! Da\u00ed decorrem todos os privil\u00e9gios e todos os t\u00edtulos excelsos que a ornamentam: Imaculada Concei\u00e7\u00e3o, M\u00e3e de Virgindade Perp\u00e9tua, Assun\u00e7\u00e3o ao C\u00e9u de corpo e alma, Rainha do Universo e dos cora\u00e7\u00f5es, Corredentora de nossa salva\u00e7\u00e3o, M\u00e3e da Igreja, M\u00e3e da divina Gra\u00e7a, Medianeira Universal de todas as gra\u00e7as!<\/p>\n\n\n\n<p>Por tudo isso, diz o Padre Vieira: <em>\u201cPerguntai aos enfermos para que nasce esta Celestial Menina, vos dir\u00e3o que nasce para Senhora da Sa\u00fade; perguntai aos tristes, dir\u00e3o que nasce para Senhora dos Prazeres; perguntai aos cegos, dir\u00e3o que nasce para Senhora da Luz; a todos os seus devotos, para Senhora da Gl\u00f3ria. E se todas estas vozes se unirem em uma s\u00f3 voz, dir\u00e3o que nasce para ser Maria e M\u00e3e de Jesus\u201d.<\/em><\/p>\n\n\n\n<p>Este artigo \u00e9 simplesmente publicado em homenagem \u00e0 M\u00e3e de Deus e nossa M\u00e3e. Felizes aqueles que perguntados para que nasceu Maria, puderem responder: nasceu tamb\u00e9m para ser minha M\u00e3e. <\/p>\n\n\n\n<p><\/p>\n","protected":false},"excerpt":{"rendered":"<p>No serm\u00e3o do nascimento da M\u00e3e de Deus o Padre Ant\u00f4nio Vieira pergunta: \u201cquereis saber qu\u00e3o feliz, qu\u00e3o alto e qu\u00e3o digno de ser festejado o nascimento de Maria? Vede para que Ela nasceu&#8230; Nasceu para que dela nascesse Deus!\u201d. Todos os homens e mulheres em geral s\u00e3o predestinados por Deus para o C\u00e9u. Existimos [&hellip;]<\/p>\n","protected":false},"author":10,"featured_media":1485,"comment_status":"open","ping_status":"open","sticky":false,"template":"","format":"standard","meta":{"_exactmetrics_skip_tracking":false,"_exactmetrics_sitenote_active":false,"_exactmetrics_sitenote_note":"","_exactmetrics_sitenote_category":0,"footnotes":""},"categories":[1],"tags":[180,181,182],"class_list":["post-1435","post","type-post","status-publish","format-standard","has-post-thumbnail","hentry","category-geral","tag-maria","tag-nascimento","tag-predestinacao"],"aioseo_notices":[],"_links":{"self":[{"href":"https:\/\/ibonitatis.com.br\/index.php?rest_route=\/wp\/v2\/posts\/1435","targetHints":{"allow":["GET"]}}],"collection":[{"href":"https:\/\/ibonitatis.com.br\/index.php?rest_route=\/wp\/v2\/posts"}],"about":[{"href":"https:\/\/ibonitatis.com.br\/index.php?rest_route=\/wp\/v2\/types\/post"}],"author":[{"embeddable":true,"href":"https:\/\/ibonitatis.com.br\/index.php?rest_route=\/wp\/v2\/users\/10"}],"replies":[{"embeddable":true,"href":"https:\/\/ibonitatis.com.br\/index.php?rest_route=%2Fwp%2Fv2%2Fcomments&post=1435"}],"version-history":[{"count":3,"href":"https:\/\/ibonitatis.com.br\/index.php?rest_route=\/wp\/v2\/posts\/1435\/revisions"}],"predecessor-version":[{"id":1486,"href":"https:\/\/ibonitatis.com.br\/index.php?rest_route=\/wp\/v2\/posts\/1435\/revisions\/1486"}],"wp:featuredmedia":[{"embeddable":true,"href":"https:\/\/ibonitatis.com.br\/index.php?rest_route=\/wp\/v2\/media\/1485"}],"wp:attachment":[{"href":"https:\/\/ibonitatis.com.br\/index.php?rest_route=%2Fwp%2Fv2%2Fmedia&parent=1435"}],"wp:term":[{"taxonomy":"category","embeddable":true,"href":"https:\/\/ibonitatis.com.br\/index.php?rest_route=%2Fwp%2Fv2%2Fcategories&post=1435"},{"taxonomy":"post_tag","embeddable":true,"href":"https:\/\/ibonitatis.com.br\/index.php?rest_route=%2Fwp%2Fv2%2Ftags&post=1435"}],"curies":[{"name":"wp","href":"https:\/\/api.w.org\/{rel}","templated":true}]}}