{"id":1503,"date":"2025-08-01T23:18:56","date_gmt":"2025-08-02T02:18:56","guid":{"rendered":"https:\/\/ibonitatis.com.br\/?p=1503"},"modified":"2025-08-01T23:18:57","modified_gmt":"2025-08-02T02:18:57","slug":"a-vida-comeca-na-concepcao-o-amor-que-permanece","status":"publish","type":"post","link":"https:\/\/ibonitatis.com.br\/?p=1503","title":{"rendered":"A Vida Come\u00e7a na Concep\u00e7\u00e3o: O Amor que Permanece"},"content":{"rendered":"\n<p>A perda gestacional no primeiro trimestre \u00e9 uma dor silenciosa, muitas vezes incompreendida pelo mundo, mas profundamente sentida por aqueles que sabem que a vida come\u00e7a na concep\u00e7\u00e3o. Para a m\u00e3e que compreende essa verdade, este luto \u00e9 tamb\u00e9m uma prova\u00e7\u00e3o, conforme ensina o livro do Eclesi\u00e1stico: \u201c<em>Meu filho, se te apresentas para servir ao Senhor, permanece firme na justi\u00e7a e no temor, e prepara tua alma para a prova\u201d (Eclo 2,1).<\/em> A dor de carregar em si uma vida e depois devolv\u00ea-la a Deus \u00e9 um peso imenso, mas tamb\u00e9m um ato de f\u00e9, de entrega, de aceita\u00e7\u00e3o de que aquele filho n\u00e3o lhe pertence, mas pertence ao Criador.<\/p>\n\n\n\n<p>Esse beb\u00ea viveu pouco tempo no mundo, mas viveu plenamente. No ventre materno, ele j\u00e1 sentia, ouvia e se desenvolvia. Com apenas tr\u00eas semanas, seu cora\u00e7\u00e3o j\u00e1 batia. Aos seis, ele come\u00e7ava a formar suas m\u00e3ozinhas e p\u00e9s. Aos oito, seus tra\u00e7os faciais eram reconhec\u00edveis, e a audi\u00e7\u00e3o come\u00e7ava a se desenvolver. A partir da d\u00e9cima semana, ele podia ouvir os sons ao seu redor: a voz dos pais, as brincadeiras dos irm\u00e3os. Aos doze, j\u00e1 possu\u00eda um corpo completo, pequeno, mas inteiro, pronto para crescer.<\/p>\n\n\n\n<p>Mesmo que seu tempo tenha sido curto, esse beb\u00ea existiu, e sua presen\u00e7a foi uma fonte de alegria para os pais e para a fam\u00edlia. E sua falta ser\u00e1 sentida para sempre. A m\u00e3e nunca deixar\u00e1 de notar o espa\u00e7o vazio na mesa do jantar, o lugar que ele ocuparia entre os irm\u00e3os.<\/p>\n\n\n\n<p>Mas a dor da m\u00e3e n\u00e3o \u00e9 apenas emocional. Seu corpo, que se preparava para gerar, nutrir e proteger aquele filho, continua por um tempo se ajustando.<\/p>\n\n\n\n<p>H\u00e1 horm\u00f4nios que foram produzidos e agora precisam se reequilibrar. H\u00e1 uma barriga que come\u00e7ava a crescer e que agora carrega apenas a marca da aus\u00eancia. O corpo sente, e cada mudan\u00e7a \u00e9 um lembrete de quem n\u00e3o est\u00e1 mais ali.<\/p>\n\n\n\n<p>As chagas da perda n\u00e3o s\u00e3o apenas invis\u00edveis. Elas se manifestam no cansa\u00e7o, nas altera\u00e7\u00f5es f\u00edsicas, na sa\u00fade fragilizada, como quem carrega no pr\u00f3prio corpo os sinais da cruz. Cada sintoma, cada dor, cada desconforto \u00e9 uma participa\u00e7\u00e3o silenciosa nos sofrimentos de Cristo. E como na Paix\u00e3o, \u00e9 um sofrimento que n\u00e3o se encerra abruptamente, mas precisa ser vivido, sentido, atravessado, at\u00e9 que tudo se normalize. Para os que ficam, a saudade se mistura com a esperan\u00e7a. A vontade de conquistar o C\u00e9u se torna maior, porque agora h\u00e1 algu\u00e9m muito querido esperando l\u00e1. A fam\u00edlia que se alegrou com sua chegada e chorou sua partida anseia pelo dia da reuni\u00e3o definitiva, onde n\u00e3o haver\u00e1 mais separa\u00e7\u00e3o nem luto. O amor que uniu essa m\u00e3e a seu filho n\u00e3o foi apagado pela morte; ao contr\u00e1rio, foi elevado \u00e0 eternidade. Quando, um dia, ela cruzar as portas do Para\u00edso, eles estar\u00e3o l\u00e1, esperando por ela, pronto para envolv\u00ea-la no amor que nunca deixou de existir.<\/p>\n\n\n\n<p><\/p>\n","protected":false},"excerpt":{"rendered":"<p>A perda gestacional no primeiro trimestre \u00e9 uma dor silenciosa, muitas vezes incompreendida pelo mundo, mas profundamente sentida por aqueles que sabem que a vida come\u00e7a na concep\u00e7\u00e3o. Para a m\u00e3e que compreende essa verdade, este luto \u00e9 tamb\u00e9m uma prova\u00e7\u00e3o, conforme ensina o livro do Eclesi\u00e1stico: \u201cMeu filho, se te apresentas para servir ao [&hellip;]<\/p>\n","protected":false},"author":11,"featured_media":1505,"comment_status":"open","ping_status":"open","sticky":false,"template":"","format":"standard","meta":{"_exactmetrics_skip_tracking":false,"_exactmetrics_sitenote_active":false,"_exactmetrics_sitenote_note":"","_exactmetrics_sitenote_category":0,"footnotes":""},"categories":[1],"tags":[189,98,43,167],"class_list":["post-1503","post","type-post","status-publish","format-standard","has-post-thumbnail","hentry","category-geral","tag-aborto","tag-ceu","tag-filho","tag-mae"],"aioseo_notices":[],"_links":{"self":[{"href":"https:\/\/ibonitatis.com.br\/index.php?rest_route=\/wp\/v2\/posts\/1503","targetHints":{"allow":["GET"]}}],"collection":[{"href":"https:\/\/ibonitatis.com.br\/index.php?rest_route=\/wp\/v2\/posts"}],"about":[{"href":"https:\/\/ibonitatis.com.br\/index.php?rest_route=\/wp\/v2\/types\/post"}],"author":[{"embeddable":true,"href":"https:\/\/ibonitatis.com.br\/index.php?rest_route=\/wp\/v2\/users\/11"}],"replies":[{"embeddable":true,"href":"https:\/\/ibonitatis.com.br\/index.php?rest_route=%2Fwp%2Fv2%2Fcomments&post=1503"}],"version-history":[{"count":1,"href":"https:\/\/ibonitatis.com.br\/index.php?rest_route=\/wp\/v2\/posts\/1503\/revisions"}],"predecessor-version":[{"id":1504,"href":"https:\/\/ibonitatis.com.br\/index.php?rest_route=\/wp\/v2\/posts\/1503\/revisions\/1504"}],"wp:featuredmedia":[{"embeddable":true,"href":"https:\/\/ibonitatis.com.br\/index.php?rest_route=\/wp\/v2\/media\/1505"}],"wp:attachment":[{"href":"https:\/\/ibonitatis.com.br\/index.php?rest_route=%2Fwp%2Fv2%2Fmedia&parent=1503"}],"wp:term":[{"taxonomy":"category","embeddable":true,"href":"https:\/\/ibonitatis.com.br\/index.php?rest_route=%2Fwp%2Fv2%2Fcategories&post=1503"},{"taxonomy":"post_tag","embeddable":true,"href":"https:\/\/ibonitatis.com.br\/index.php?rest_route=%2Fwp%2Fv2%2Ftags&post=1503"}],"curies":[{"name":"wp","href":"https:\/\/api.w.org\/{rel}","templated":true}]}}