{"id":1521,"date":"2025-08-29T21:14:33","date_gmt":"2025-08-30T00:14:33","guid":{"rendered":"https:\/\/ibonitatis.com.br\/?p=1521"},"modified":"2025-08-29T21:14:34","modified_gmt":"2025-08-30T00:14:34","slug":"quando-o-servico-sufoca-a-presencao-drama-de-marta-e-o-chamado-a-vida-interior","status":"publish","type":"post","link":"https:\/\/ibonitatis.com.br\/?p=1521","title":{"rendered":"QUANDO O SERVI\u00c7O SUFOCA A PRESEN\u00c7A:O DRAMA DE MARTA E O CHAMADO \u00c0 VIDA INTERIOR"},"content":{"rendered":"\n<p>Um olhar espiritual sobre a ansiedade moderna e o reencontro com o essencial.<\/p>\n\n\n\n<p>Quantas vezes, na \u00faltima semana, voc\u00ea se viu preocupado com o futuro? E quantas outras se percebeu vivendo no autom\u00e1tico, cumprindo listas e mais listas de afazeres, sem sequer tomar consci\u00eancia do que fazia? Essas perguntas n\u00e3o s\u00e3o incomuns entre os que buscam viver a f\u00e9 em meio \u00e0s exig\u00eancias do cotidiano. E, talvez sem perceber, muitos de n\u00f3s revivem, dia ap\u00f3s dia, a experi\u00eancia de Marta: inquieta, ansiosa, absorvida pelas urg\u00eancias \u2014 e distra\u00edda da \u00fanica coisa necess\u00e1ria \u2013 o Senhor.<\/p>\n\n\n\n<p>No Evangelho de S\u00e3o Lucas, lemos o epis\u00f3dio em que Jesus visita a casa de Marta e Maria. Marta se deixa consumir pelas tarefas, pelas preocupa\u00e7\u00f5es e pelo desejo de que tudo esteja perfeitamente em ordem. Na ordem dela. Ao notar sua agita\u00e7\u00e3o, o Senhor lhe dirige palavras de ternura e sabedoria: \u201cMarta, Marta, andas inquieta e te preocupas com muitas coisas; no entanto, uma s\u00f3 \u00e9 necess\u00e1ria.\u201d (Lc 10,41-42)<\/p>\n\n\n\n<p>Este trecho b\u00edblico atravessa s\u00e9culos e permanece ecoando com ainda mais for\u00e7a em nossos dias. Vivemos numa \u00e9poca marcada por um ritmo acelerado, por exig\u00eancias externas e internas cada vez maiores, por uma cultura que valoriza a produtividade acima da presen\u00e7a. A ansiedade, mais do que um sintoma individual, tornou-se um tra\u00e7o de \u00e9poca. Para muitos, ela se converteu em estilo de vida.<\/p>\n\n\n\n<p>\u00c9 importante reconhecer que Jesus n\u00e3o repreende Marta por servir. O servi\u00e7o, em si, n\u00e3o \u00e9 um problema \u2014 ao contr\u00e1rio, \u00e9 virtude. O que Ele corrige \u00e9 a desordem das prioridades. O cora\u00e7\u00e3o de Marta estava dividido. O problema n\u00e3o s\u00e3o as tarefas, mas permitir que elas nos afastem da ess\u00eancia. O Evangelho n\u00e3o nos convida a abandonar os afazeres, mas a realiz\u00e1-los em outra ordem interior: colocando Deus no centro de tudo. N\u00e3o se trata de \u201cdar conta de tudo\u201d, mas de dar conta do que realmente importa.<\/p>\n\n\n\n<p>\u00c9 nesse ponto que a espiritualidade crist\u00e3 nos oferece uma chave preciosa: a santifica\u00e7\u00e3o da vida ordin\u00e1ria. S\u00e3o Josemaria Escriv\u00e1, um dos grandes promotores dessa verdade esquecida por muitos, diz em sua obra \u2013 Caminho: \u201cQueres de verdade ser santo? \u2013 Cumpre o dever de cada momento; faz o que deves e est\u00e1 no que fazes.\u201d Ele nos recorda que a santidade n\u00e3o est\u00e1 reservada a mosteiros, mas se encontra no meio da rotina comum, nas tarefas mais simples, no cotidiano vivido com presen\u00e7a de esp\u00edrito e de Deus. Da mesma forma, Santa Teresa d\u2019\u00c1vila nos recorda com sabedoria: \u201cEntre as panelas tamb\u00e9m anda o Senhor.\u201d Ou seja, Deus n\u00e3o est\u00e1 apenas no templo ou nos momentos de ora\u00e7\u00e3o formal, mas tamb\u00e9m na cozinha, na lavanderia, no escrit\u00f3rio, no trabalho silencioso e escondido. O que importa \u00e9 que estejamos com Ele, em Sua presen\u00e7a. A inquieta\u00e7\u00e3o que aflige tantas almas hoje nasce, muitas vezes, da aus\u00eancia de Deus naquilo que se faz. As tarefas tornam-se pesos quando feitas desconectadas da finalidade maior. Quando a ora\u00e7\u00e3o n\u00e3o permeia o servi\u00e7o, ele se torna agita\u00e7\u00e3o. Mas quando o Senhor \u00e9 trazido para o centro, o servi\u00e7o se converte em ora\u00e7\u00e3o. Estar em presen\u00e7a significa abrir espa\u00e7o interior para que Deus habite cada momento do dia. Significa respirar com mais consci\u00eancia, fazer pausas para elevar o cora\u00e7\u00e3o, unir o fazer ao ser, e o agir ao contemplar. \u00c9 poss\u00edvel dobrar roupas e, ao mesmo tempo, agradecer a Deus por aqueles que as vestem. \u00c9 poss\u00edvel preparar uma refei\u00e7\u00e3o e oferec\u00ea-la em sil\u00eancio como um gesto de amor.<\/p>\n\n\n\n<p>\u00c9 poss\u00edvel transformar o cotidiano em altar.<\/p>\n\n\n\n<p>A resposta de Marta, mais tarde, revela sua convers\u00e3o interior: \u201cSim, Senhor, eu creio!\u201d (Jo 11,27). J\u00e1 n\u00e3o h\u00e1 ali apenas servi\u00e7o; h\u00e1 f\u00e9. J\u00e1 n\u00e3o h\u00e1 s\u00f3 agita\u00e7\u00e3o; h\u00e1 confian\u00e7a. A presen\u00e7a de Cristo mudou a l\u00f3gica de seu agir. Que o exemplo de Santa Marta nos ensine a n\u00e3o fugir das tarefas do cotidiano, mas a realizar cada uma delas em ordem e presen\u00e7a. Que saibamos discernir, em meio \u00e0s urg\u00eancias do mundo moderno, aquilo que \u00e9 verdadeiramente necess\u00e1rio. E que, ao reconhecermos a presen\u00e7a do Senhor entre as panelas, nos compromissos familiares, nos sil\u00eancios da casa ou nas obriga\u00e7\u00f5es profissionais, sejamos capazes de transformar a inquieta\u00e7\u00e3o em paz, e o servi\u00e7o em ora\u00e7\u00e3o.<\/p>\n\n\n\n<p>Que pela intercess\u00e3o de Santa Marta possamos viver o extraordin\u00e1rio no ordin\u00e1rio, e fazer do nosso dia comum um caminho seguro de santidade.<\/p>\n","protected":false},"excerpt":{"rendered":"<p>Um olhar espiritual sobre a ansiedade moderna e o reencontro com o essencial. Quantas vezes, na \u00faltima semana, voc\u00ea se viu preocupado com o futuro? E quantas outras se percebeu vivendo no autom\u00e1tico, cumprindo listas e mais listas de afazeres, sem sequer tomar consci\u00eancia do que fazia? Essas perguntas n\u00e3o s\u00e3o incomuns entre os que [&hellip;]<\/p>\n","protected":false},"author":16,"featured_media":1522,"comment_status":"open","ping_status":"open","sticky":false,"template":"","format":"standard","meta":{"_exactmetrics_skip_tracking":false,"_exactmetrics_sitenote_active":false,"_exactmetrics_sitenote_note":"","_exactmetrics_sitenote_category":0,"footnotes":""},"categories":[1],"tags":[],"class_list":["post-1521","post","type-post","status-publish","format-standard","has-post-thumbnail","hentry","category-geral"],"aioseo_notices":[],"_links":{"self":[{"href":"https:\/\/ibonitatis.com.br\/index.php?rest_route=\/wp\/v2\/posts\/1521","targetHints":{"allow":["GET"]}}],"collection":[{"href":"https:\/\/ibonitatis.com.br\/index.php?rest_route=\/wp\/v2\/posts"}],"about":[{"href":"https:\/\/ibonitatis.com.br\/index.php?rest_route=\/wp\/v2\/types\/post"}],"author":[{"embeddable":true,"href":"https:\/\/ibonitatis.com.br\/index.php?rest_route=\/wp\/v2\/users\/16"}],"replies":[{"embeddable":true,"href":"https:\/\/ibonitatis.com.br\/index.php?rest_route=%2Fwp%2Fv2%2Fcomments&post=1521"}],"version-history":[{"count":2,"href":"https:\/\/ibonitatis.com.br\/index.php?rest_route=\/wp\/v2\/posts\/1521\/revisions"}],"predecessor-version":[{"id":1524,"href":"https:\/\/ibonitatis.com.br\/index.php?rest_route=\/wp\/v2\/posts\/1521\/revisions\/1524"}],"wp:featuredmedia":[{"embeddable":true,"href":"https:\/\/ibonitatis.com.br\/index.php?rest_route=\/wp\/v2\/media\/1522"}],"wp:attachment":[{"href":"https:\/\/ibonitatis.com.br\/index.php?rest_route=%2Fwp%2Fv2%2Fmedia&parent=1521"}],"wp:term":[{"taxonomy":"category","embeddable":true,"href":"https:\/\/ibonitatis.com.br\/index.php?rest_route=%2Fwp%2Fv2%2Fcategories&post=1521"},{"taxonomy":"post_tag","embeddable":true,"href":"https:\/\/ibonitatis.com.br\/index.php?rest_route=%2Fwp%2Fv2%2Ftags&post=1521"}],"curies":[{"name":"wp","href":"https:\/\/api.w.org\/{rel}","templated":true}]}}