{"id":1525,"date":"2025-09-05T20:58:09","date_gmt":"2025-09-05T23:58:09","guid":{"rendered":"https:\/\/ibonitatis.com.br\/?p=1525"},"modified":"2025-09-05T20:58:10","modified_gmt":"2025-09-05T23:58:10","slug":"quem-admira-ama","status":"publish","type":"post","link":"https:\/\/ibonitatis.com.br\/?p=1525","title":{"rendered":"Quem admira, ama!"},"content":{"rendered":"\n<p>Ah! Os Ip\u00eas amarelos! Quem j\u00e1 os contemplou no auge da primavera? Certamente quem os v\u00ea entre as cidades ou no alto dos montes n\u00e3o imagina que t\u00e3o pomposa e radiante \u00e1rvore pode ser imperfeita e assim\u00e9trica.<\/p>\n\n\n\n<p>O Ip\u00ea \u00e9 um reflexo da beleza da Cria\u00e7\u00e3o e \u00e9 obriga\u00e7\u00e3o de todo batizado admir\u00e1-lo, reconhecendo o seu papel sobre a Terra. Mas pode nos impressionar que, ao nos aproximarmos de suas belas flores percebamos umas p\u00e9talas carcomidas pelas formigas, ou que suas texturas s\u00e3o irregulares, defeitos esses que n\u00e3o nos damos conta quando apenas observamos ao longe. Algo semelhante acontece no conv\u00edvio humano.<\/p>\n\n\n\n<p>S\u00e3o Tom\u00e1s de Aquino diz que a Admira\u00e7\u00e3o \u201cproduz no cora\u00e7\u00e3o dos homens a rever\u00eancia para com Deus\u201d. A defini\u00e7\u00e3o \u00e9 perfeita! Admira\u00e7\u00e3o \u00e9 o estado de alma pelo qual a pessoa contempla algo, <strong>superior ou inferior a ela<\/strong>, e experimenta sentimento de encantada aprova\u00e7\u00e3o e simpatia que, transcendendo, v\u00ea naquilo o reflexo do Sagrado (Deus criador).<\/p>\n\n\n\n<p>Somos imagem e semelhan\u00e7a de Deus e tudo o que temos \u00e9 efeito da gra\u00e7a desse mesmo Deus, por\u00e9m o homem sente na carne o quanto custa sair de si mesmo e admirar. Iludido e submergido em seu ego, em algum momento vai descobrir algo parecido com o que vemos ao nos aproximarmos dos Ip\u00eas: defeitos e imperfei\u00e7\u00f5es.<\/p>\n\n\n\n<p>Viver\u00e1 em alegria todo aquele que, no enlevo das coisas nobres e superiores, elevar a sua alma e se tornar parecido com o que se ama e admira. Essa \u00e9 a esperan\u00e7a dos degredados filhos de Eva, qual seja, a instaura\u00e7\u00e3o de um reino de bondade sobre a Terra, onde cada batizado contemplar\u00e1 os dons e talentos dos filhos de Deus, restituindo ao Divino Amor o que gratuitamente recebeu, cumprindo assim a ora\u00e7\u00e3o feita ao Pai \u201c(&#8230;) venha a n\u00f3s o Vosso Reino, assim na Terra como no c\u00e9u (&#8230;)\u201d.<\/p>\n\n\n\n<p>Portanto, voltemos nossos olhos para Nossa Senhora como o Menino Jesus a olhou, admirou e se enlevou. Receberemos do Imaculado Cora\u00e7\u00e3o Dela seus desvelos de ternura e carinho, assim o nosso apostolado brilhar\u00e1 como brilham os Ip\u00eas Amarelos!&nbsp; &nbsp;<\/p>\n\n\n\n<p><\/p>\n","protected":false},"excerpt":{"rendered":"<p>Ah! Os Ip\u00eas amarelos! Quem j\u00e1 os contemplou no auge da primavera? Certamente quem os v\u00ea entre as cidades ou no alto dos montes n\u00e3o imagina que t\u00e3o pomposa e radiante \u00e1rvore pode ser imperfeita e assim\u00e9trica. O Ip\u00ea \u00e9 um reflexo da beleza da Cria\u00e7\u00e3o e \u00e9 obriga\u00e7\u00e3o de todo batizado admir\u00e1-lo, reconhecendo o [&hellip;]<\/p>\n","protected":false},"author":17,"featured_media":1526,"comment_status":"open","ping_status":"open","sticky":false,"template":"","format":"standard","meta":{"_exactmetrics_skip_tracking":false,"_exactmetrics_sitenote_active":false,"_exactmetrics_sitenote_note":"","_exactmetrics_sitenote_category":0,"footnotes":""},"categories":[1],"tags":[],"class_list":["post-1525","post","type-post","status-publish","format-standard","has-post-thumbnail","hentry","category-geral"],"aioseo_notices":[],"_links":{"self":[{"href":"https:\/\/ibonitatis.com.br\/index.php?rest_route=\/wp\/v2\/posts\/1525","targetHints":{"allow":["GET"]}}],"collection":[{"href":"https:\/\/ibonitatis.com.br\/index.php?rest_route=\/wp\/v2\/posts"}],"about":[{"href":"https:\/\/ibonitatis.com.br\/index.php?rest_route=\/wp\/v2\/types\/post"}],"author":[{"embeddable":true,"href":"https:\/\/ibonitatis.com.br\/index.php?rest_route=\/wp\/v2\/users\/17"}],"replies":[{"embeddable":true,"href":"https:\/\/ibonitatis.com.br\/index.php?rest_route=%2Fwp%2Fv2%2Fcomments&post=1525"}],"version-history":[{"count":3,"href":"https:\/\/ibonitatis.com.br\/index.php?rest_route=\/wp\/v2\/posts\/1525\/revisions"}],"predecessor-version":[{"id":1566,"href":"https:\/\/ibonitatis.com.br\/index.php?rest_route=\/wp\/v2\/posts\/1525\/revisions\/1566"}],"wp:featuredmedia":[{"embeddable":true,"href":"https:\/\/ibonitatis.com.br\/index.php?rest_route=\/wp\/v2\/media\/1526"}],"wp:attachment":[{"href":"https:\/\/ibonitatis.com.br\/index.php?rest_route=%2Fwp%2Fv2%2Fmedia&parent=1525"}],"wp:term":[{"taxonomy":"category","embeddable":true,"href":"https:\/\/ibonitatis.com.br\/index.php?rest_route=%2Fwp%2Fv2%2Fcategories&post=1525"},{"taxonomy":"post_tag","embeddable":true,"href":"https:\/\/ibonitatis.com.br\/index.php?rest_route=%2Fwp%2Fv2%2Ftags&post=1525"}],"curies":[{"name":"wp","href":"https:\/\/api.w.org\/{rel}","templated":true}]}}