{"id":1644,"date":"2025-10-24T20:00:59","date_gmt":"2025-10-24T23:00:59","guid":{"rendered":"https:\/\/ibonitatis.com.br\/?p=1644"},"modified":"2025-10-24T20:01:01","modified_gmt":"2025-10-24T23:01:01","slug":"a-vitoria-vem-do-ceu","status":"publish","type":"post","link":"https:\/\/ibonitatis.com.br\/?p=1644","title":{"rendered":"A VIT\u00d3RIA VEM DO C\u00c9U"},"content":{"rendered":"\n<p>Outubro \u00e9 o m\u00eas do Ros\u00e1rio. Essa comemora\u00e7\u00e3o remonta o ano de 1.571, quando o Papa S. Pio V a instituiu, no anivers\u00e1rio da grande vit\u00f3ria obtida pelos crist\u00e3os da Santa Alian\u00e7a contra os inimigos mu\u00e7ulmanos, na c\u00e9lebre batalha naval de LEPANTO.<\/p>\n\n\n\n<p>A Europa crist\u00e3 estava prestes a sofrer a invas\u00e3o dos infi\u00e9is, e as terras sagradas banhadas pelo Sangue precioso de Jesus Cristo, iriam cair sobre o dom\u00ednio da religi\u00e3o de Maom\u00e9.<br><\/p>\n\n\n\n<p>Para impedir apareceu sobre os navios cat\u00f3licos, a Soberana Rainha do C\u00e9u, \u201cterr\u00edvel como um ex\u00e9rcito em ordem de batalha\u201d, e p\u00f4s em fuga, apavorados, os inimigos da Cruz de Cristo! A batalha estava ganha e a Europa Crist\u00e3 livre das garras dos infi\u00e9is!<\/p>\n\n\n\n<p>Passaram-se muitos s\u00e9culos e a cristian\u00edssima vit\u00f3ria de LEPANTO nos vem \u00e0 mem\u00f3ria quando refletimos sobre os dias de hoje. A impiedade parece ter vencido a f\u00e9, contemplamos profundamente consternados os pa\u00edses que outrora formavam a Cristandade, conspurcados pela ign\u00f3bil hostilidade dos inimigos da Cruz, cada vez mais a\u00e7odados em destruir os valores herdados da Santa Igreja Cat\u00f3lica! Crist\u00e3os perseguidos, igrejas destru\u00eddas, manifesta\u00e7\u00f5es de \u00f3dio contra a Religi\u00e3o cada vez mais freq\u00fcentes! E tudo isso sob o olhar indiferente e at\u00e9 conivente dos seus pr\u00f3prios filhos.<\/p>\n\n\n\n<p>Estar\u00e1 tudo perdido? N\u00e3o! Assim como em LEPANTO, o socorro dos verdadeiros crist\u00e3os vem do C\u00e9u!<\/p>\n\n\n\n<p>Em outubro de 1917, na Cova da Iria, Nossa Senhora aparece a tr\u00eas pastorinhos para anunciar ao mundo a solu\u00e7\u00e3o para todas as suas crises: \u201cEu sou a Senhora do Ros\u00e1rio\u201d. N\u00e3o \u00e9 mera coincid\u00eancia! A invoca\u00e7\u00e3o com a qual a Europa crist\u00e3 foi salva em LEPANTO, com a derrota dos infi\u00e9is, precisamente no m\u00eas de outubro, \u00e9 a mesma que em nossos dias ir\u00e1 derrotar novamente os novos inimigos da Cruz. Nossa Senhora do Ros\u00e1rio\u2026<\/p>\n\n\n\n<p>Maria Sant\u00edssima profetizou o seu triunfo: \u201cPor fim, o Meu Imaculado Cora\u00e7\u00e3o triunfar\u00e1\u201d. Portanto, os inimigos da Cruz j\u00e1 est\u00e3o derrotados.<\/p>\n\n\n\n<p>Nossa Senhora veio trazer a paz ao mundo, mas avisou que se os homens n\u00e3o se emendassem, adviriam castigos, guerras, persegui\u00e7\u00f5es \u00e0 Igreja e ao Santo Padre. Nesses momentos de prova Ela prometeu sua especial prote\u00e7\u00e3o \u00e0queles que n\u2019Ela confiarem: &#8220;O meu Imaculado Cora\u00e7\u00e3o ser\u00e1 o teu ref\u00fagio e o caminho que te conduzir\u00e1 at\u00e9 Deus&#8221;.<\/p>\n\n\n\n<p>A M\u00e3e de Deus chorou sobre o mundo, como Nosso Senhor chorou sobre Jerusal\u00e9m, chamou \u00e0 convers\u00e3o e admoestou: \u201cQuero [\u2026] que continuem sempre a rezar o Ter\u00e7o todos os dias\u201d. Dirigindo-se aos pecadores \u2013 todos n\u00f3s \u2013 conclamou: \u201c\u00c9 preciso que se emendem e que pe\u00e7am perd\u00e3o de seus pecados\u201d. E ainda: \u201cN\u00e3o ofendam mais a Deus Nosso Senhor, que j\u00e1 est\u00e1 muito ofendido\u201d (Mensagem da Virgem na 6\u00aa Apari\u00e7\u00e3o de Outubro).<\/p>\n\n\n\n<p>Portanto, a vit\u00f3ria ser\u00e1 para aqueles que rezam e que fazem penit\u00eancias pelos pecados, que est\u00e3o prontos \u00e0 convers\u00e3o. Somos convidados a triunfar com Maria Sant\u00edssima ou a ficar para sempre \u00e0s margens da Hist\u00f3ria!<\/p>\n","protected":false},"excerpt":{"rendered":"<p>Outubro \u00e9 o m\u00eas do Ros\u00e1rio. Essa comemora\u00e7\u00e3o remonta o ano de 1.571, quando o Papa S. Pio V a instituiu, no anivers\u00e1rio da grande vit\u00f3ria obtida pelos crist\u00e3os da Santa Alian\u00e7a contra os inimigos mu\u00e7ulmanos, na c\u00e9lebre batalha naval de LEPANTO. A Europa crist\u00e3 estava prestes a sofrer a invas\u00e3o dos infi\u00e9is, e as [&hellip;]<\/p>\n","protected":false},"author":10,"featured_media":1646,"comment_status":"open","ping_status":"open","sticky":false,"template":"","format":"standard","meta":{"_exactmetrics_skip_tracking":false,"_exactmetrics_sitenote_active":false,"_exactmetrics_sitenote_note":"","_exactmetrics_sitenote_category":0,"footnotes":""},"categories":[1],"tags":[],"class_list":["post-1644","post","type-post","status-publish","format-standard","has-post-thumbnail","hentry","category-geral"],"aioseo_notices":[],"_links":{"self":[{"href":"https:\/\/ibonitatis.com.br\/index.php?rest_route=\/wp\/v2\/posts\/1644","targetHints":{"allow":["GET"]}}],"collection":[{"href":"https:\/\/ibonitatis.com.br\/index.php?rest_route=\/wp\/v2\/posts"}],"about":[{"href":"https:\/\/ibonitatis.com.br\/index.php?rest_route=\/wp\/v2\/types\/post"}],"author":[{"embeddable":true,"href":"https:\/\/ibonitatis.com.br\/index.php?rest_route=\/wp\/v2\/users\/10"}],"replies":[{"embeddable":true,"href":"https:\/\/ibonitatis.com.br\/index.php?rest_route=%2Fwp%2Fv2%2Fcomments&post=1644"}],"version-history":[{"count":2,"href":"https:\/\/ibonitatis.com.br\/index.php?rest_route=\/wp\/v2\/posts\/1644\/revisions"}],"predecessor-version":[{"id":1658,"href":"https:\/\/ibonitatis.com.br\/index.php?rest_route=\/wp\/v2\/posts\/1644\/revisions\/1658"}],"wp:featuredmedia":[{"embeddable":true,"href":"https:\/\/ibonitatis.com.br\/index.php?rest_route=\/wp\/v2\/media\/1646"}],"wp:attachment":[{"href":"https:\/\/ibonitatis.com.br\/index.php?rest_route=%2Fwp%2Fv2%2Fmedia&parent=1644"}],"wp:term":[{"taxonomy":"category","embeddable":true,"href":"https:\/\/ibonitatis.com.br\/index.php?rest_route=%2Fwp%2Fv2%2Fcategories&post=1644"},{"taxonomy":"post_tag","embeddable":true,"href":"https:\/\/ibonitatis.com.br\/index.php?rest_route=%2Fwp%2Fv2%2Ftags&post=1644"}],"curies":[{"name":"wp","href":"https:\/\/api.w.org\/{rel}","templated":true}]}}