{"id":1679,"date":"2025-12-06T00:17:03","date_gmt":"2025-12-06T03:17:03","guid":{"rendered":"https:\/\/ibonitatis.com.br\/?p=1679"},"modified":"2025-12-06T00:17:05","modified_gmt":"2025-12-06T03:17:05","slug":"infancia-solitaria","status":"publish","type":"post","link":"https:\/\/ibonitatis.com.br\/?p=1679","title":{"rendered":"Inf\u00e2ncia solit\u00e1ria"},"content":{"rendered":"\n<p>Recentemente, conversando com um pai, ele contou sobre a dificuldade em levar sua filha, de nove anos, para passear e brincar no parque: \u201cEla s\u00f3 quer ficar em casa, trancada no quarto, mexendo no celular.\u201d<\/p>\n\n\n\n<p>Tal declara\u00e7\u00e3o causou-me espanto e preocupa\u00e7\u00e3o. N\u00e3o que o fato fosse in\u00e9dito para mim, mas conhe\u00e7o a crian\u00e7a h\u00e1 tr\u00eas anos e sempre a vi muito alegre e ativa.<\/p>\n\n\n\n<p>Diante desse pedido de ajuda do pai, passei a observar, em meu ambiente de trabalho, o espa\u00e7o onde os alunos aguardam o in\u00edcio das aulas. O local disp\u00f5e de cadeiras, puffs e uma estante com livros. Em diversas ocasi\u00f5es, notei que tr\u00eas ou quatro alunos da mesma escola permaneciam juntos no mesmo ambiente; contudo, n\u00e3o interagiam entre si. Cada um estava imerso em seu pr\u00f3prio \u201cmundinho\u201d: um no celular, outro dormindo no puff &#8211; e nenhum demonstrava interesse pelos livros. Que tristeza!<\/p>\n\n\n\n<p>Surge ent\u00e3o uma reflex\u00e3o inevit\u00e1vel: o que est\u00e1 acontecendo com as crian\u00e7as? Por que n\u00e3o desejam mais brincar umas com as outras? Por que preferem as amizades virtuais?<\/p>\n\n\n\n<p>Observa\u00e7\u00f5es realizadas em outros espa\u00e7os refor\u00e7am esse cen\u00e1rio. Nas \u00e1reas de lazer de muitos condom\u00ednios, quase n\u00e3o se v\u00ea crian\u00e7as brincando. Frequentemente, est\u00e3o com o celular nas m\u00e3os, jogando, enquanto os brinquedos permanecem vazios. Nos parques, observa-se mais adultos fazendo exerc\u00edcios do que crian\u00e7as correndo e interagindo.<\/p>\n\n\n\n<p>O ser humano n\u00e3o foi criado para viver isolado; a conviv\u00eancia \u00e9 essencial para o pleno desenvolvimento. \u201cOh, como \u00e9 bom, como \u00e9 agrad\u00e1vel para irm\u00e3os unidos viverem juntos\u201d. Sl132,1<\/p>\n\n\n\n<p>Constata-se, ainda, que os pais n\u00e3o est\u00e3o alheios a esses problemas. Muito cobram dos filhos uma postura diferente, mas n\u00e3o sabem como auxili\u00e1-los. Alguns reconhecem a origem da dificuldade, por\u00e9m n\u00e3o conseguem romper o ciclo vicioso. Reverter essa situa\u00e7\u00e3o exige uma mudan\u00e7a profunda na postura dos pais, uma vez que a solid\u00e3o das crian\u00e7as decorre, em grande parte, de um estilo de vida pautado pela valoriza\u00e7\u00e3o do consumo, do prazer e sucesso profissional \u2013 deixando-se de lado o cuidado com a alma.<\/p>\n\n\n\n<p>A din\u00e2mica familiar, em muitos lares, tem se centrado no fazer. Os pais trabalham o dia todo; as crian\u00e7as frequentam a escola, aulas de idiomas, refor\u00e7o e atividades f\u00edsicas &#8211; tudo voltado para a constru\u00e7\u00e3o de um futuro promissor. Ao final do dia, todos retornam para casa exaustos, desejando apenas descansar.<\/p>\n\n\n\n<p>Mas onde ficam o conv\u00edvio familiar, os momentos de di\u00e1logo, de ora\u00e7\u00e3o e de leitura? Quase sempre, s\u00e3o adiados para \u201cquando houver tempo\u201d.<\/p>\n\n\n\n<p>As crian\u00e7as est\u00e3o pedindo socorro, e essa ajuda deve partir, antes de tudo, da fam\u00edlia. \u00c9 urgente que as escolas cat\u00f3licas e as igrejas assumam o compromisso de apoiar essas fam\u00edlias, oferendo forma\u00e7\u00e3o, acompanhamento e, sobretudo, pastoreio, de modo a fortalec\u00ea-las em sua miss\u00e3o de educar e amar.<\/p>\n\n\n\n<p>\u00c9 tempo de resgatar essas crian\u00e7as, unindo pais, educadores e a igreja na constru\u00e7\u00e3o de um ambiente que eleve o olhar da crian\u00e7a e promova seu crescimento na f\u00e9, na sabedoria e no amor.<\/p>\n\n\n\n<p>A verdadeira educa\u00e7\u00e3o n\u00e3o consiste apenas na instru\u00e7\u00e3o intelectual, mas na forma\u00e7\u00e3o integral do jovem, preparando-o para ser n\u00e3o apenas um bom cidad\u00e3o, mas um bom crist\u00e3o. \u00c9 por meio do bom exemplo, do carinho, da disciplina e da presen\u00e7a constante que conseguimos tocar o cora\u00e7\u00e3o dos jovens, para que se voltem para Deus, vivam a moral crist\u00e3 e se tornem membros \u00fateis \u00e0 sociedade, conforme nos ensina S\u00e3o Jo\u00e3o Bosco em seu Sistema Preventivo.<\/p>\n\n\n\n<p>\u201cA pr\u00e1tica desse sistema \u00e9 toda apoiada sobre as palavras de S\u00e3o Paulo, que diz: A caridade \u00e9 paciente, \u00e9 benigna, tudo sofre, tudo espera e suporta qualquer inc\u00f4modo\u201d. S\u00e3o Jo\u00e3o Bosco<\/p>\n","protected":false},"excerpt":{"rendered":"<p>Recentemente, conversando com um pai, ele contou sobre a dificuldade em levar sua filha, de nove anos, para passear e brincar no parque: \u201cEla s\u00f3 quer ficar em casa, trancada no quarto, mexendo no celular.\u201d Tal declara\u00e7\u00e3o causou-me espanto e preocupa\u00e7\u00e3o. N\u00e3o que o fato fosse in\u00e9dito para mim, mas conhe\u00e7o a crian\u00e7a h\u00e1 tr\u00eas [&hellip;]<\/p>\n","protected":false},"author":14,"featured_media":1715,"comment_status":"open","ping_status":"open","sticky":false,"template":"","format":"standard","meta":{"_exactmetrics_skip_tracking":false,"_exactmetrics_sitenote_active":false,"_exactmetrics_sitenote_note":"","_exactmetrics_sitenote_category":0,"footnotes":""},"categories":[1],"tags":[],"class_list":["post-1679","post","type-post","status-publish","format-standard","has-post-thumbnail","hentry","category-geral"],"aioseo_notices":[],"_links":{"self":[{"href":"https:\/\/ibonitatis.com.br\/index.php?rest_route=\/wp\/v2\/posts\/1679","targetHints":{"allow":["GET"]}}],"collection":[{"href":"https:\/\/ibonitatis.com.br\/index.php?rest_route=\/wp\/v2\/posts"}],"about":[{"href":"https:\/\/ibonitatis.com.br\/index.php?rest_route=\/wp\/v2\/types\/post"}],"author":[{"embeddable":true,"href":"https:\/\/ibonitatis.com.br\/index.php?rest_route=\/wp\/v2\/users\/14"}],"replies":[{"embeddable":true,"href":"https:\/\/ibonitatis.com.br\/index.php?rest_route=%2Fwp%2Fv2%2Fcomments&post=1679"}],"version-history":[{"count":3,"href":"https:\/\/ibonitatis.com.br\/index.php?rest_route=\/wp\/v2\/posts\/1679\/revisions"}],"predecessor-version":[{"id":1717,"href":"https:\/\/ibonitatis.com.br\/index.php?rest_route=\/wp\/v2\/posts\/1679\/revisions\/1717"}],"wp:featuredmedia":[{"embeddable":true,"href":"https:\/\/ibonitatis.com.br\/index.php?rest_route=\/wp\/v2\/media\/1715"}],"wp:attachment":[{"href":"https:\/\/ibonitatis.com.br\/index.php?rest_route=%2Fwp%2Fv2%2Fmedia&parent=1679"}],"wp:term":[{"taxonomy":"category","embeddable":true,"href":"https:\/\/ibonitatis.com.br\/index.php?rest_route=%2Fwp%2Fv2%2Fcategories&post=1679"},{"taxonomy":"post_tag","embeddable":true,"href":"https:\/\/ibonitatis.com.br\/index.php?rest_route=%2Fwp%2Fv2%2Ftags&post=1679"}],"curies":[{"name":"wp","href":"https:\/\/api.w.org\/{rel}","templated":true}]}}