{"id":1683,"date":"2025-12-20T10:49:02","date_gmt":"2025-12-20T13:49:02","guid":{"rendered":"https:\/\/ibonitatis.com.br\/?p=1683"},"modified":"2025-12-20T10:49:04","modified_gmt":"2025-12-20T13:49:04","slug":"toda-semeadura-exige-paciencia","status":"publish","type":"post","link":"https:\/\/ibonitatis.com.br\/?p=1683","title":{"rendered":"Toda Semeadura exige PACI\u00caNCIA"},"content":{"rendered":"\n<p>Nos \u00faltimos dias, enquanto eu regava as plantas aqui de casa, algo muito simples me tocou profundamente. Eu n\u00e3o estava necessariamente rezando, nem fazendo uma reflex\u00e3o planejada\u2026 era s\u00f3 eu ali, com a \u00e1gua escorrendo na terra, vendo a grama e as folhinhas que compramos outro dia, e de repente uma pergunta brotou dentro de mim: quanto tempo isso vai levar para crescer?<br>Parecia uma pergunta boba, mas eu senti que n\u00e3o era s\u00f3 sobre as plantas.<\/p>\n\n\n\n<p>\u00c9 que, \u00e0s vezes, Deus fala comigo assim, nesses intervalos da vida, quando a rotina me obriga a desacelerar um pouco. E naquele momento eu percebi que a espera \u00e9 parte essencial de tudo o que vale a pena. E que semear \u00e9 aceitar a lentid\u00e3o das coisas que realmente importam.<\/p>\n\n\n\n<p>Enquanto eu regava, fiquei pensando no meu pr\u00f3prio cora\u00e7\u00e3o. Pensei se eu estava realmente deixando o Senhor preparar a terra dentro de mim. Porque n\u00e3o adianta pedir frutos se eu n\u00e3o cuido do solo. E eu sei quando meu cora\u00e7\u00e3o est\u00e1 mais seco, mais distra\u00eddo, mais endurecido\u2026 sei quando preciso parar e deixar Deus mexer onde eu fico tentando n\u00e3o mexer.<\/p>\n\n\n\n<p>E nessa hora meus filhos passaram correndo, falando alguma coisa que nem lembro direito, e aquilo me atravessou tamb\u00e9m. Porque eu sei que muito do que eu fa\u00e7o hoje com eles \u2014 as palavras que escolho, o tom da voz, os gestos, as hist\u00f3rias que leio, a paci\u00eancia que tento ter (e nem sempre consigo) \u2014 tudo isso tamb\u00e9m \u00e9 semente. E algumas dessas sementes eu s\u00f3 vou ver brotar muito mais tarde.<br>Talvez quando eles forem adultos.<br>Talvez quando forem pais.<br>Talvez s\u00f3 diante de Deus.<\/p>\n\n\n\n<p>E a\u00ed me deu um certo aperto bonito, aquele sentimento de responsabilidade misturado com esperan\u00e7a. Porque o cora\u00e7\u00e3o deles tamb\u00e9m depende do meu cuidado, do meu olhar, da forma como eu cultivo. Eles s\u00e3o terra boa, mas terra que precisa de presen\u00e7a, de aten\u00e7\u00e3o, de amor oferecido sem pressa.<\/p>\n\n\n\n<p>E, no fundo, enquanto eu continuava regando as plantas, entendi que Deus queria me lembrar de algo simples e profundo ao mesmo tempo: toda semeadura exige paci\u00eancia.<br>N\u00e3o s\u00f3 com as plantas.<br>N\u00e3o s\u00f3 com os filhos.<br>N\u00e3o s\u00f3 com a vida espiritual.<br>Mas comigo mesma tamb\u00e9m.<\/p>\n\n\n\n<p>E percebi que talvez a maior gra\u00e7a seja justamente essa: aprender a esperar com Deus.<br>Aprender a confiar no que Ele faz no escondido.<br>E aceitar que os frutos chegam, sim \u2014 mas chegam no tempo certo,&nbsp;n\u00e3o&nbsp;no&nbsp;meu.<\/p>\n","protected":false},"excerpt":{"rendered":"<p>Nos \u00faltimos dias, enquanto eu regava as plantas aqui de casa, algo muito simples me tocou profundamente. Eu n\u00e3o estava necessariamente rezando, nem fazendo uma reflex\u00e3o planejada\u2026 era s\u00f3 eu ali, com a \u00e1gua escorrendo na terra, vendo a grama e as folhinhas que compramos outro dia, e de repente uma pergunta brotou dentro de [&hellip;]<\/p>\n","protected":false},"author":16,"featured_media":1684,"comment_status":"open","ping_status":"open","sticky":false,"template":"","format":"standard","meta":{"_exactmetrics_skip_tracking":false,"_exactmetrics_sitenote_active":false,"_exactmetrics_sitenote_note":"","_exactmetrics_sitenote_category":0,"footnotes":""},"categories":[1],"tags":[],"class_list":["post-1683","post","type-post","status-publish","format-standard","has-post-thumbnail","hentry","category-geral"],"aioseo_notices":[],"_links":{"self":[{"href":"https:\/\/ibonitatis.com.br\/index.php?rest_route=\/wp\/v2\/posts\/1683","targetHints":{"allow":["GET"]}}],"collection":[{"href":"https:\/\/ibonitatis.com.br\/index.php?rest_route=\/wp\/v2\/posts"}],"about":[{"href":"https:\/\/ibonitatis.com.br\/index.php?rest_route=\/wp\/v2\/types\/post"}],"author":[{"embeddable":true,"href":"https:\/\/ibonitatis.com.br\/index.php?rest_route=\/wp\/v2\/users\/16"}],"replies":[{"embeddable":true,"href":"https:\/\/ibonitatis.com.br\/index.php?rest_route=%2Fwp%2Fv2%2Fcomments&post=1683"}],"version-history":[{"count":1,"href":"https:\/\/ibonitatis.com.br\/index.php?rest_route=\/wp\/v2\/posts\/1683\/revisions"}],"predecessor-version":[{"id":1685,"href":"https:\/\/ibonitatis.com.br\/index.php?rest_route=\/wp\/v2\/posts\/1683\/revisions\/1685"}],"wp:featuredmedia":[{"embeddable":true,"href":"https:\/\/ibonitatis.com.br\/index.php?rest_route=\/wp\/v2\/media\/1684"}],"wp:attachment":[{"href":"https:\/\/ibonitatis.com.br\/index.php?rest_route=%2Fwp%2Fv2%2Fmedia&parent=1683"}],"wp:term":[{"taxonomy":"category","embeddable":true,"href":"https:\/\/ibonitatis.com.br\/index.php?rest_route=%2Fwp%2Fv2%2Fcategories&post=1683"},{"taxonomy":"post_tag","embeddable":true,"href":"https:\/\/ibonitatis.com.br\/index.php?rest_route=%2Fwp%2Fv2%2Ftags&post=1683"}],"curies":[{"name":"wp","href":"https:\/\/api.w.org\/{rel}","templated":true}]}}