{"id":206,"date":"2024-06-15T00:00:37","date_gmt":"2024-06-15T03:00:37","guid":{"rendered":"http:\/\/ibonitatis.local\/?p=206"},"modified":"2024-06-29T14:24:10","modified_gmt":"2024-06-29T17:24:10","slug":"educadores-e-a-graca-de-deus","status":"publish","type":"post","link":"https:\/\/ibonitatis.com.br\/?p=206","title":{"rendered":"Educadores e a Gra\u00e7a de Deus"},"content":{"rendered":"\n<p><em>\u201cN\u00f3s, crist\u00e3os, faltar\u00edamos \u00e0 miss\u00e3o que nos assina a Provid\u00eancia, neste momento, se n\u00e3o empreg\u00e1ramos todos os nossos esfor\u00e7os para sermos, nesta \u00e9poca que Deus quis fosse a nossa, o fundamento que regenera toda a massa, a luz que ilumina, o sal da terra que conserva e preserva.\u201d&nbsp;<\/em>\u00b9<\/p>\n\n\n\n<p>Em tempos onde a educa\u00e7\u00e3o e fam\u00edlia s\u00e3o alvos diretos de in\u00fameras emboscadas e ataques, os educadores buscam vias seguras de prote\u00e7\u00e3o e correspond\u00eancia ao seu chamado. Uma das vias \u00e9 a forma\u00e7\u00e3o, entretanto, se ela n\u00e3o estiver arraigada em fundamentos verdadeiros tamb\u00e9m sinaliza perigo.&nbsp;<\/p>\n\n\n\n<p>Com frequ\u00eancia pais e professores partilham receios, d\u00favidas, apresentam dificuldades para lidar com as informa\u00e7\u00f5es que recebem e se percebem confusos devido ao ac\u00famulo de ideias, orienta\u00e7\u00f5es, indica\u00e7\u00f5es e sugest\u00f5es oferecidas. Tudo se mostra urgente, necess\u00e1rio e indispens\u00e1vel e ao aplicarem o que escutaram ou leram nem sempre alcan\u00e7am o \u00eaxito esperado.<\/p>\n\n\n\n<p>O mundo \u00e9 propositalmente agitado, a velocidade dos acontecimentos se infiltra no cotidiano sorrateiramente, a vis\u00e3o pragm\u00e1tica predominante molda as a\u00e7\u00f5es e sem a devida vigil\u00e2ncia, at\u00e9 mesmo os mais experientes correm risco de ceder aos apelos. Diante disso, \u00e9 importante retomar alguns princ\u00edpios.<\/p>\n\n\n\n<p>O que \u00e9 forma\u00e7\u00e3o?<\/p>\n\n\n\n<p>Um dos maiores apologistas cat\u00f3licos, Pe. Leonel Franca, definiu em sua obra que forma\u00e7\u00e3o \u00e9 o&nbsp;<em>\u201cesfor\u00e7o para adquirir ou comunicar uma forma e no sentido mais profundo e filos\u00f3fico de perfei\u00e7\u00e3o, a atua\u00e7\u00e3o de uma potencialidade anterior\u201d&nbsp;<\/em>\u00b9. Ora, se requer esfor\u00e7o \u00e9 porque n\u00e3o \u00e9 algo espont\u00e2neo, mas merece compromisso e dedica\u00e7\u00e3o. \u00c9 um processo vital, uma vida que comunica, transmite vida e requer dedica\u00e7\u00e3o a esse prop\u00f3sito.&nbsp;<\/p>\n\n\n\n<p>O mesmo autor tamb\u00e9m comenta que \u201c<em>a influ\u00eancia educadora do homem se mede pelo seu valor humano, vale n\u00e3o pelo que diz ou pelo que faz, mas pelo que \u00e9\u201d,&nbsp;<\/em>por isso, antes de FAZER qualquer coisa \u00e9 preciso SER.&nbsp;<\/p>\n\n\n\n<p>Dr. Pl\u00ednio ao falar sobre esse assunto em 1989 comentou que&nbsp;<em>\u201ca vida interior consiste em continuamente estar fazendo uma an\u00e1lise e relacionando com Deus, com a Igreja Cat\u00f3lica, com Nossa Senhora\u201d\u00b2 &nbsp;<\/em>Eis um itiner\u00e1rio seguro.<\/p>\n\n\n\n<p>A educa\u00e7\u00e3o jamais deve ser abandonada ao acaso pelos caprichos, fantasias e disposi\u00e7\u00f5es do educador, o cultivo da intimidade com Deus pela ora\u00e7\u00e3o e sacramentos precede outros estudos e \u00e9 fundamental deixar a Gra\u00e7a moldar a alma, santificar os afetos e ordenar paix\u00f5es.&nbsp;<\/p>\n\n\n\n<p>Deve-se dizer ent\u00e3o que s\u00f3 uma pessoa perfeita \u00e9 capaz de consagrar-se \u00e0 educa\u00e7\u00e3o?&nbsp;<\/p>\n\n\n\n<p>N\u00e3o,<em>&nbsp;\u201ctodos n\u00f3s, de uma ou outra forma, somos e seremos educadores\u201d<\/em>, apesar das limita\u00e7\u00f5es. Mas a influ\u00eancia ben\u00e9fica est\u00e1 no testemunho de esfor\u00e7o cont\u00ednuo pela corre\u00e7\u00e3o das falhas, no testemunho sincero e humilde em recorrer aos sacramentos, ao conselho de um bom padre e o compromisso com o chamado de Deus a santidade: \u201cs<em>ede santos, porque eu sou santo.\u201d (I Pe 1, 16).<\/em><\/p>\n\n\n\n<p>Iluminar, fortificar, sanear, hoje e amanh\u00e3 e sempre, eis a fun\u00e7\u00e3o do Sol no mundo dos corpos, eis o dever da a\u00e7\u00e3o cat\u00f3lica no mundo das almas. Esse exemplo \u00e9 que irradia, inspira, educa, atua mais efetivamente do que os manuais e apostilas, pois, \u201c<em>querendo ou n\u00e3o, o educador cria um ambiente que atua, inconscientemente, sobre a alma infantil como se fosse um espelho, permitindo-lhe conhecer-se melhor, por compara\u00e7\u00e3o\u201d\u00b3.<\/em><\/p>\n\n\n\n<p>Pe\u00e7amos a Virgem Maria Seu aux\u00edlio diante das dificuldades nessa miss\u00e3o, a gra\u00e7a da humildade e docilidade em cada momento e pela Sua intercess\u00e3o e exemplo digamos sempre: \u201cEis aqui a serva do Senhor. Fa\u00e7a-se me mim segundo a tua palavra\u201d.&nbsp;<\/p>\n\n\n\n<p>\u00b9 A forma\u00e7\u00e3o da personalidade, Leonel Franca, 2019.<\/p>\n\n\n\n<p>\u00b2 Vida interior: em que consiste?, Pl\u00ednio Corr\u00eaa de Oliveira, 07 de julho de 1989.<\/p>\n\n\n\n<p>\u00b3 Pequeno Tratado de Pedagogia, Jean Viollet, 2022<\/p>\n","protected":false},"excerpt":{"rendered":"<p>\u201cN\u00f3s, crist\u00e3os, faltar\u00edamos \u00e0 miss\u00e3o que nos assina a Provid\u00eancia, neste momento, se n\u00e3o empreg\u00e1ramos todos os nossos esfor\u00e7os para sermos, nesta \u00e9poca que Deus quis fosse a nossa, o fundamento que regenera toda a massa, a luz que ilumina, o sal da terra que conserva e preserva.\u201d&nbsp;\u00b9 Em tempos onde a educa\u00e7\u00e3o e fam\u00edlia [&hellip;]<\/p>\n","protected":false},"author":12,"featured_media":207,"comment_status":"open","ping_status":"open","sticky":false,"template":"","format":"standard","meta":{"_exactmetrics_skip_tracking":false,"_exactmetrics_sitenote_active":false,"_exactmetrics_sitenote_note":"","_exactmetrics_sitenote_category":0,"footnotes":""},"categories":[1],"tags":[25,21,26,23,24,19],"class_list":["post-206","post","type-post","status-publish","format-standard","has-post-thumbnail","hentry","category-geral","tag-catolico","tag-educacao","tag-educacao-catolica","tag-estudo","tag-formacao","tag-oracao"],"aioseo_notices":[],"_links":{"self":[{"href":"https:\/\/ibonitatis.com.br\/index.php?rest_route=\/wp\/v2\/posts\/206","targetHints":{"allow":["GET"]}}],"collection":[{"href":"https:\/\/ibonitatis.com.br\/index.php?rest_route=\/wp\/v2\/posts"}],"about":[{"href":"https:\/\/ibonitatis.com.br\/index.php?rest_route=\/wp\/v2\/types\/post"}],"author":[{"embeddable":true,"href":"https:\/\/ibonitatis.com.br\/index.php?rest_route=\/wp\/v2\/users\/12"}],"replies":[{"embeddable":true,"href":"https:\/\/ibonitatis.com.br\/index.php?rest_route=%2Fwp%2Fv2%2Fcomments&post=206"}],"version-history":[{"count":2,"href":"https:\/\/ibonitatis.com.br\/index.php?rest_route=\/wp\/v2\/posts\/206\/revisions"}],"predecessor-version":[{"id":624,"href":"https:\/\/ibonitatis.com.br\/index.php?rest_route=\/wp\/v2\/posts\/206\/revisions\/624"}],"wp:featuredmedia":[{"embeddable":true,"href":"https:\/\/ibonitatis.com.br\/index.php?rest_route=\/wp\/v2\/media\/207"}],"wp:attachment":[{"href":"https:\/\/ibonitatis.com.br\/index.php?rest_route=%2Fwp%2Fv2%2Fmedia&parent=206"}],"wp:term":[{"taxonomy":"category","embeddable":true,"href":"https:\/\/ibonitatis.com.br\/index.php?rest_route=%2Fwp%2Fv2%2Fcategories&post=206"},{"taxonomy":"post_tag","embeddable":true,"href":"https:\/\/ibonitatis.com.br\/index.php?rest_route=%2Fwp%2Fv2%2Ftags&post=206"}],"curies":[{"name":"wp","href":"https:\/\/api.w.org\/{rel}","templated":true}]}}