{"id":313,"date":"2024-06-08T00:00:36","date_gmt":"2024-06-08T03:00:36","guid":{"rendered":"http:\/\/ibonitatis.local\/?p=313"},"modified":"2024-06-28T10:01:07","modified_gmt":"2024-06-28T13:01:07","slug":"o-pequeno-grande-grao","status":"publish","type":"post","link":"https:\/\/ibonitatis.com.br\/?p=313","title":{"rendered":"O pequeno grande gr\u00e3o"},"content":{"rendered":"\n<p>\u201cO grande\u201d come\u00e7a com pequenas coisas.<\/p>\n\n\n\n<p>Essa afirma\u00e7\u00e3o bem l\u00f3gica talvez seja dif\u00edcil de aceitar na vida cotidiana, sobretudo porque exige paci\u00eancia e perseveran\u00e7a.&nbsp;<\/p>\n\n\n\n<p>Somos filhos de Deus, O Alt\u00edssimo, e somos chamados a imit\u00e1-lo (Ef 5,1). Inclusive trazemos dentro de n\u00f3s esse desejo e admira\u00e7\u00e3o por tudo aquilo que reflete a grandeza e a beleza de Deus. E de fato, fomos feitos para isso, para voar alto, bem alto e chegarmos no c\u00e9u. No entanto, assim como O Verbo se encarnou e habitou entre n\u00f3s (Jo 1,14), se rebaixou, precisamos tamb\u00e9m muitas e muitas vezes, todos os dias, inclinar-se com caridade sobre as pequenas coisas que A Vida nos oferece. \u00c9 justamente por meio de pequenos exerc\u00edcios cotidianos que chegaremos \u00e0s coisas grandes.&nbsp;<\/p>\n\n\n\n<p>Na multiplica\u00e7\u00e3o dos p\u00e3es (Jo 6,9) e na par\u00e1bola dos talentos (Mt 25,21) vemos que \u00e9 preciso trabalhar com zelo sobre o pouco que temos a disposi\u00e7\u00e3o.&nbsp;<\/p>\n\n\n\n<p>O que tenho em m\u00e3os hoje, agora, \u00e9 o que eu devo cuidar, amar, trabalhar, desenvolver e com A Gra\u00e7a multiplicar.<\/p>\n\n\n\n<p>Para subir \u00e9 necess\u00e1rio primeiro descer, por amor. Debru\u00e7ar-se sobre o solo de nossa vida e semear as poucas sementes, oferecer os poucos p\u00e3es e peixes, desenvolver os poucos talentos, etc.&nbsp;N\u00e3o d\u00e1 para pegar atalhos, nem pular etapas, assim como, um beb\u00ea para se tornar homem precisa se desenvolver ano ap\u00f3s ano.&nbsp;<\/p>\n\n\n\n<p>Jesus em sua humanidade nos ensinou isso o tempo todo!&nbsp;<\/p>\n\n\n\n<p>Nos ensinou que o Reino de Deus \u00e9 como o gr\u00e3o de mostarda, a menor de todas as sementes, que depois de semeado torna-se maior que todas as hortali\u00e7as (Mc 4,31-32).<\/p>\n\n\n\n<p>Experimentemos olhar para nossas vidas sob essa perspectiva: temos todos os dias um pequeno grande gr\u00e3o para semear.<\/p>\n\n\n\n<p>Fa\u00e7amos bem todas as coisas, inclusive as pequenininhas, as que n\u00e3o s\u00e3o vistas e nem valorizadas pelos outros. Semeemos os poucos e pequenos gr\u00e3os de cada dia com aten\u00e7\u00e3o, contemplando de antem\u00e3o o que cada um pode vir a ser.<\/p>\n\n\n\n<p>Que a Virgem Maria nos ajude a costurar cada ponto de nossas vidas com muita dilig\u00eancia para que na hora oportuna nossa roupa de festa esteja bem-feita e esplendorosa!<\/p>\n","protected":false},"excerpt":{"rendered":"<p>\u201cO grande\u201d come\u00e7a com pequenas coisas. Essa afirma\u00e7\u00e3o bem l\u00f3gica talvez seja dif\u00edcil de aceitar na vida cotidiana, sobretudo porque exige paci\u00eancia e perseveran\u00e7a.&nbsp; Somos filhos de Deus, O Alt\u00edssimo, e somos chamados a imit\u00e1-lo (Ef 5,1). Inclusive trazemos dentro de n\u00f3s esse desejo e admira\u00e7\u00e3o por tudo aquilo que reflete a grandeza e a [&hellip;]<\/p>\n","protected":false},"author":2,"featured_media":314,"comment_status":"open","ping_status":"open","sticky":false,"template":"","format":"standard","meta":{"_exactmetrics_skip_tracking":false,"_exactmetrics_sitenote_active":false,"_exactmetrics_sitenote_note":"","_exactmetrics_sitenote_category":0,"footnotes":""},"categories":[1],"tags":[],"class_list":["post-313","post","type-post","status-publish","format-standard","has-post-thumbnail","hentry","category-geral"],"aioseo_notices":[],"_links":{"self":[{"href":"https:\/\/ibonitatis.com.br\/index.php?rest_route=\/wp\/v2\/posts\/313","targetHints":{"allow":["GET"]}}],"collection":[{"href":"https:\/\/ibonitatis.com.br\/index.php?rest_route=\/wp\/v2\/posts"}],"about":[{"href":"https:\/\/ibonitatis.com.br\/index.php?rest_route=\/wp\/v2\/types\/post"}],"author":[{"embeddable":true,"href":"https:\/\/ibonitatis.com.br\/index.php?rest_route=\/wp\/v2\/users\/2"}],"replies":[{"embeddable":true,"href":"https:\/\/ibonitatis.com.br\/index.php?rest_route=%2Fwp%2Fv2%2Fcomments&post=313"}],"version-history":[{"count":1,"href":"https:\/\/ibonitatis.com.br\/index.php?rest_route=\/wp\/v2\/posts\/313\/revisions"}],"predecessor-version":[{"id":315,"href":"https:\/\/ibonitatis.com.br\/index.php?rest_route=\/wp\/v2\/posts\/313\/revisions\/315"}],"wp:featuredmedia":[{"embeddable":true,"href":"https:\/\/ibonitatis.com.br\/index.php?rest_route=\/wp\/v2\/media\/314"}],"wp:attachment":[{"href":"https:\/\/ibonitatis.com.br\/index.php?rest_route=%2Fwp%2Fv2%2Fmedia&parent=313"}],"wp:term":[{"taxonomy":"category","embeddable":true,"href":"https:\/\/ibonitatis.com.br\/index.php?rest_route=%2Fwp%2Fv2%2Fcategories&post=313"},{"taxonomy":"post_tag","embeddable":true,"href":"https:\/\/ibonitatis.com.br\/index.php?rest_route=%2Fwp%2Fv2%2Ftags&post=313"}],"curies":[{"name":"wp","href":"https:\/\/api.w.org\/{rel}","templated":true}]}}