{"id":316,"date":"2024-06-01T00:00:43","date_gmt":"2024-06-01T03:00:43","guid":{"rendered":"http:\/\/ibonitatis.local\/?p=316"},"modified":"2024-06-28T09:50:45","modified_gmt":"2024-06-28T12:50:45","slug":"a-doutrinacao-silenciosa-do-demonio-conseguimos-escapar","status":"publish","type":"post","link":"https:\/\/ibonitatis.com.br\/?p=316","title":{"rendered":"A doutrina\u00e7\u00e3o silenciosa do dem\u00f4nio, conseguimos escapar?"},"content":{"rendered":"\n<p>Vivemos tempos desafiadores e complexos, onde a verdade e a f\u00e9 s\u00e3o constantemente postas \u00e0 prova. A doutrina\u00e7\u00e3o silenciosa do dem\u00f4nio se infiltra de maneira insidiosa na grande massa, corroendo os fundamentos morais e espirituais que sustentam a sociedade crist\u00e3. Este fen\u00f4meno \u00e9 uma batalha espiritual que requer nossa vigil\u00e2ncia e determina\u00e7\u00e3o para preservar a integridade de nossa f\u00e9 e dos ensinamentos de Nosso Senhor Jesus Cristo.<\/p>\n\n\n\n<p>O dem\u00f4nio, inimigo astuto e ardiloso, utiliza diversos meios para semear a d\u00favida, a descren\u00e7a e a imoralidade. Sua estrat\u00e9gia \u00e9 sutil, penetrando nas camadas da sociedade atrav\u00e9s da cultura, da educa\u00e7\u00e3o, da pol\u00edtica e dos meios de comunica\u00e7\u00e3o. A influ\u00eancia perniciosa se manifesta na promo\u00e7\u00e3o de ideologias contr\u00e1rias aos valores crist\u00e3os, na relativiza\u00e7\u00e3o da verdade e na exalta\u00e7\u00e3o do hedonismo e do materialismo.&nbsp;<\/p>\n\n\n\n<p>Essa doutrina\u00e7\u00e3o silenciosa que procura enfraquecer a fam\u00edlia, c\u00e9lula b\u00e1sica da sociedade e igreja dom\u00e9stica tamb\u00e9m incentiva a cultura do ego\u00edsmo, onde o prazer individual \u00e9 colocado acima do bem comum e do amor ao pr\u00f3ximo.&nbsp;<\/p>\n\n\n\n<p>Al\u00e9m disso, a educa\u00e7\u00e3o, que deveria ser um farol de conhecimento e valores, muitas vezes se torna um campo de batalha onde se travam guerras de vaidades ou de ideologias. A forma\u00e7\u00e3o integral do ser humano \u00e9 comprometida por uma vis\u00e3o de mundo secularizada e afastada de Deus. As m\u00e3es tem buscado instru\u00edrem-se para educar bem seus filhos no caminho de santidade, e paradoxalmente os deixam sob os cuidados de pessoas piores do que elas, a fim de que lhe sobre tempo para estudar. No dia do ju\u00edzo n\u00e3o seremos cobrados pelos livros que lemos, mas sim pelo o que fizemos. Pelo o que fizemos com nosso tempo e as responsabilidades que Deus colocou em nossas m\u00e3os.<\/p>\n\n\n\n<p>Os meios de comunica\u00e7\u00e3o, por sua vez, desempenham um papel crucial nesta doutrina\u00e7\u00e3o silenciosa e o grande transmissor respons\u00e1vel por estas not\u00edcias, que glorificam o pecado, vem se tornando um novo membro do corpo de muitos cat\u00f3licos que n\u00e3o conseguem qui\u00e7\u00e1 viver sem redes sociais.&nbsp;<\/p>\n\n\n\n<p class=\"has-text-align-center\"><em>\u201cSe teu olho te leva ao pecado, arranca-o e lan\u00e7a-o longe de ti: \u00e9 melhor para ti entrares na vida cego de um olho que seres jogado com teus dois olhos no fogo da geena.\u201d&nbsp; Mt 18,9<\/em><\/p>\n\n\n\n<p>O mundo sem leis da internet \u00e9 nebuloso, pois \u00e9 dific\u00edlimo diferenciar quem trabalha para Deus de verdade, de quem trabalha para o Dem\u00f4nio e \u00e9 de falsa direita, uma posi\u00e7\u00e3o muito pior do que a dos esquerdistas, uma vez que s\u00e3o ardilosos como o mal, fazendo discursos cheios de verdades mescladas com mentiras veladas que nos induzem \u00e0 d\u00favida e ao erro. H\u00e1 pouco tempo uma cantora fez um show demon\u00edaco e devasso, tal fato s\u00f3 de ser falado j\u00e1 nos gera asco e dor no cora\u00e7\u00e3o por sabermos as dores causadas no Sagrado Cora\u00e7\u00e3o de Jesus, que mais uma vez teve miseric\u00f3rdia de n\u00f3s e n\u00e3o destruiu o que estava pior que Sodoma e Gomorra. Por\u00e9m, mais chocante do que o Show, foi ver a in\u00famera quantidade de \u201ccat\u00f3licos\u201d e \u201cSacerdotes\u201d compartilhando cenas horrendas do tal show, com a desculpa da \u201cconscientiza\u00e7\u00e3o dos fi\u00e9is\u201d, e com isso, dando mais ibope para o dem\u00f4nio e fazendo outras pessoas pecarem.&nbsp;<\/p>\n\n\n\n<p>Quem estuda pedagogia ou afins, sabe bem que a pedagogia progressista hist\u00f3rico-cr\u00edtica \u00e9 oriunda de progressistas que se apropriam da hist\u00f3ria da humanidade, narrada segundo a \u00f3tica deles, incluindo algumas verdades e mascarando, de forma muito bem feita, as mentiras que desejam imbuir na mente das pessoas, a fim de que elas lutem com eles por suas causas.&nbsp;<\/p>\n\n\n\n<p>Portanto, n\u00e3o sejamos ing\u00eanuos! Se recha\u00e7amos os professores que tentam doutrinar nossos filhos e os p\u00e9ssimos materiais did\u00e1ticos que os instigam para o erro, que diremos dos falsos serm\u00f5es que ocorrem at\u00e9 dentro da pr\u00f3pria Igreja Cat\u00f3lica e muitas vezes s\u00e3o t\u00e3o divulgados at\u00e9 virtualmente. Para saber o que \u00e9 certo, n\u00e3o \u00e9 preciso ler todos os livros que a alta nata dos intelectuais recomenda, muito menos virar doutor.&nbsp; Para ouvir a voz do Esp\u00edrito Santo \u00e9 preciso ser piedoso, lutar mais contra si do que contra os outros, olhar primeiro para dentro do que para fora, pedir perd\u00e3o e lutar primeiro contra os nossos pr\u00f3prios v\u00edcios, orgulho e arrog\u00e2ncia, e depois pela busca da bondade e das virtudes. &nbsp;<\/p>\n\n\n\n<p>Diante desta realidade, como cat\u00f3licos contrarrevolucion\u00e1rios, somos chamados a ser luz do mundo e sal da terra (Mt 5,13-14). Devemos assumir uma postura firme e corajosa, defendendo os valores crist\u00e3os e promovendo a verdade com amor e caridade. \u00c9 fundamental fortalecer nossa f\u00e9 atrav\u00e9s da ora\u00e7\u00e3o, dos sacramentos e do estudo da doutrina da Igreja. Devemos ser identificados como Cat\u00f3licos n\u00e3o s\u00f3 pelo escapul\u00e1rio que \u00e0s vezes sai de dentro da camisa, mas tamb\u00e9m pelo modo de andar, de tratar as pessoas, de se vestir contra esta revolu\u00e7\u00e3o, de viver e de lutar. Buscar agradar a Deus em todos nossos atos, n\u00e3o significa ficarmos parecidos com outros, perdendo nossas personalidades e nos parecendo todos iguais (como prega o comunismo), pelo contr\u00e1rio, significa lutarmos pela santidade e querermos buscar este caminho para toda nossa descend\u00eancia, agradando a Deus nos m\u00ednimos detalhes de nossa vida.&nbsp;<\/p>\n\n\n\n<p>A luta contra a doutrina\u00e7\u00e3o silenciosa do dem\u00f4nio exige uma a\u00e7\u00e3o concertada e em conjunto. \u00c9 necess\u00e1rio um verdadeiro Santo para orquestrar tudo isso, que apoie a fam\u00edlia e que invista na verdadeira educa\u00e7\u00e3o cat\u00f3lica. \u00c9 preciso que estejamos unidos, e n\u00e3o permitirmos que a comunidade seja corrompida, mas sim, que os valores do Reino de Maria sejam instaurados sobre a Terra.<\/p>\n\n\n\n<p>Que Maria Sant\u00edssima, nossa M\u00e3e e Rainha, interceda por n\u00f3s e nos proteja nesta batalha espiritual. Que o Esp\u00edrito Santo nos conceda sabedoria e fortaleza para resistir \u00e0s ciladas do maligno e para sermos verdadeiros disc\u00edpulos de Cristo e mensageiros de Nossa Senhora.<\/p>\n","protected":false},"excerpt":{"rendered":"<p>Vivemos tempos desafiadores e complexos, onde a verdade e a f\u00e9 s\u00e3o constantemente postas \u00e0 prova. A doutrina\u00e7\u00e3o silenciosa do dem\u00f4nio se infiltra de maneira insidiosa na grande massa, corroendo os fundamentos morais e espirituais que sustentam a sociedade crist\u00e3. Este fen\u00f4meno \u00e9 uma batalha espiritual que requer nossa vigil\u00e2ncia e determina\u00e7\u00e3o para preservar a [&hellip;]<\/p>\n","protected":false},"author":7,"featured_media":317,"comment_status":"open","ping_status":"open","sticky":false,"template":"","format":"standard","meta":{"_exactmetrics_skip_tracking":false,"_exactmetrics_sitenote_active":false,"_exactmetrics_sitenote_note":"","_exactmetrics_sitenote_category":0,"footnotes":""},"categories":[1],"tags":[],"class_list":["post-316","post","type-post","status-publish","format-standard","has-post-thumbnail","hentry","category-geral"],"aioseo_notices":[],"_links":{"self":[{"href":"https:\/\/ibonitatis.com.br\/index.php?rest_route=\/wp\/v2\/posts\/316","targetHints":{"allow":["GET"]}}],"collection":[{"href":"https:\/\/ibonitatis.com.br\/index.php?rest_route=\/wp\/v2\/posts"}],"about":[{"href":"https:\/\/ibonitatis.com.br\/index.php?rest_route=\/wp\/v2\/types\/post"}],"author":[{"embeddable":true,"href":"https:\/\/ibonitatis.com.br\/index.php?rest_route=\/wp\/v2\/users\/7"}],"replies":[{"embeddable":true,"href":"https:\/\/ibonitatis.com.br\/index.php?rest_route=%2Fwp%2Fv2%2Fcomments&post=316"}],"version-history":[{"count":1,"href":"https:\/\/ibonitatis.com.br\/index.php?rest_route=\/wp\/v2\/posts\/316\/revisions"}],"predecessor-version":[{"id":318,"href":"https:\/\/ibonitatis.com.br\/index.php?rest_route=\/wp\/v2\/posts\/316\/revisions\/318"}],"wp:featuredmedia":[{"embeddable":true,"href":"https:\/\/ibonitatis.com.br\/index.php?rest_route=\/wp\/v2\/media\/317"}],"wp:attachment":[{"href":"https:\/\/ibonitatis.com.br\/index.php?rest_route=%2Fwp%2Fv2%2Fmedia&parent=316"}],"wp:term":[{"taxonomy":"category","embeddable":true,"href":"https:\/\/ibonitatis.com.br\/index.php?rest_route=%2Fwp%2Fv2%2Fcategories&post=316"},{"taxonomy":"post_tag","embeddable":true,"href":"https:\/\/ibonitatis.com.br\/index.php?rest_route=%2Fwp%2Fv2%2Ftags&post=316"}],"curies":[{"name":"wp","href":"https:\/\/api.w.org\/{rel}","templated":true}]}}