{"id":325,"date":"2024-05-11T00:00:52","date_gmt":"2024-05-11T03:00:52","guid":{"rendered":"http:\/\/ibonitatis.local\/?p=325"},"modified":"2024-06-28T10:04:43","modified_gmt":"2024-06-28T13:04:43","slug":"valor-inegociavel","status":"publish","type":"post","link":"https:\/\/ibonitatis.com.br\/?p=325","title":{"rendered":"Valor inegoci\u00e1vel"},"content":{"rendered":"\n<p>\u201cEu vim para que tenham vida e a tenham em abund\u00e2ncia. \u201d Jo 10,10<\/p>\n\n\n\n<p>Qual o valor da Vida para voc\u00ea?<\/p>\n\n\n\n<p>O senhor Orazio, pai de S\u00e3o Padre Pio, tinha tanta rever\u00eancia pela vida que no campo chegava a sair do caminho de uma formiga para n\u00e3o esmag\u00e1-la. Era um homem conhecido como simples, am\u00e1vel, que rezava o Ros\u00e1rio constantemente e por ver a m\u00e3o de Deus em todas as coisas ao seu redor alegrava-se com tudo.&nbsp;<\/p>\n\n\n\n<p>\u00c9 evidente que n\u00e3o vamos sair parando o tr\u00e2nsito por causa de uma formiga mas podemos, a partir desse exemplo, refletir se temos olhado para a cria\u00e7\u00e3o de Deus, principalmente o Ser Humano, com o olhar adequado. Temos reconhecido a presen\u00e7a de Jesus, A Vida, na sua cria\u00e7\u00e3o? Ou temos vivido sem ao menos perceber que estamos vivos?<\/p>\n\n\n\n<p>Sim, se estamos vivos \u00e9 porque O Bom Jesus sustenta seu sopro de vida em n\u00f3s e Ele pode parar de soprar quando achar que deve faz\u00ea-lo. Ele \u00e9 O Senhor, ou seja, n\u00e3o somos donos da vida, nem do tempo. Precisamos ter a sabedoria e a humildade para reconhecer que n\u00e3o somos capazes de sustentar a vida nem por um segundo a mais se Deus assim n\u00e3o permitir. A clareza disso nos leva a ter mais temor, respeito e rever\u00eancia pela vida que evidencia para n\u00f3s O Deus vivo, real e presente em cada um de n\u00f3s e em toda sua cria\u00e7\u00e3o com a devida propor\u00e7\u00e3o.&nbsp;<\/p>\n\n\n\n<p>Estamos em um tempo t\u00e3o sombrio, t\u00e3o g\u00e9lido, t\u00e3o ego\u00edsta que o \u00f3bvio precisa ser dito, repetido, ensinado e at\u00e9 mesmo defendido com muita luta. E aqui est\u00e1 o \u00f3bvio: a vida humana tem valor inegoci\u00e1vel! Isso n\u00e3o deveria ser algo confuso, mas hoje \u00e9, infelizmente. Da mesma forma que se descartam objetos quebrados t\u00eam sido descartados bebes. Em alguns pa\u00edses j\u00e1 n\u00e3o se encontram mais crian\u00e7as portadoras de defici\u00eancias como a S\u00edndrome de Down porque s\u00e3o mortas no ventre materno. Os soberbos declaram que elas n\u00e3o merecem nascer. E o mesmo se aplica a tantas outras crian\u00e7as portadoras de defici\u00eancias que s\u00e3o mortas dentro do \u00fatero materno ou, quando nascem, s\u00e3o desqualificadas como n\u00e3o merecedoras de suporte para sobreviverem.&nbsp;&nbsp;<\/p>\n\n\n\n<p>Nesse cen\u00e1rio doloroso em que vivemos, em que toda cria\u00e7\u00e3o geme e sofre (Rm 8,22), encontramos alguns luzeiros. Casais eleitos por Deus para testemunhar que a vida sempre vale a pena e seus filhos merecem viver. S\u00e3o casais que receberam durante a gesta\u00e7\u00e3o o diagn\u00f3stico de que seus filhos possu\u00edam alguma doen\u00e7a grave ou at\u00e9 incompat\u00edvel com a vida e, portanto, poderiam morrer a qualquer momento da gesta\u00e7\u00e3o ou logo ap\u00f3s o parto. Esses casais, com amor generoso, disseram Sim a vida, Sim aos filhos, Sim a Jesus. Com firmeza foram contra todo ego\u00edsmo e toda voz maligna, cheia de sentimentalismo d\u00e9bil, que diz \u201cvoc\u00ea n\u00e3o precisa passar por isso, podemos interromper a gesta\u00e7\u00e3o e poup\u00e1-los dessa dor\u201d. S\u00e3o casais nobres que levaram a gesta\u00e7\u00e3o at\u00e9 o fim, amaram seus filhos o tempo que eles viveram. Tiraram fotos, fizeram festa para comemorar a gesta\u00e7\u00e3o, escolheram o nome, celebraram cada dia de vida dos seus filhos com muita rever\u00eancia. Algumas crian\u00e7as n\u00e3o chegaram a nascer vivas, outras sobreviveram poucos minutos p\u00f3s-parto outras, poucos dias, poucos meses e outras anos.&nbsp;<\/p>\n\n\n\n<p>Esses casais amaram seus filhos e testemunharam para n\u00f3s a for\u00e7a e a bravura do Amor de Deus: n\u00e3o existe verdadeiro amor sem dor, sem entrega, sem cruz.&nbsp;<\/p>\n\n\n\n<p>Essas crian\u00e7as inocentes poderiam ter sido assassinadas por n\u00e3o serem \u201cperfeitas\u201d ou, como dizem, \u201cse sobreviver ficar\u00e1 dependente para tudo\u201d ou \u201cem estado vegetativo\u201d. Resumindo: n\u00e3o ser\u00e3o \u00fateis!<\/p>\n\n\n\n<p>Se Jesus tivesse esse pensamento materialista, calculista, mesquinho, nenhum de n\u00f3s existiria pois somos muito imperfeitos, defeituosos e dependentes.&nbsp;<\/p>\n\n\n\n<p>Jesus no alto da cruz, inocente, injusti\u00e7ado, olhou para todos n\u00f3s defeituosos, cheios de pecado e rezou ao Pai dizendo: \u201cPai perdoa-lhes, eles n\u00e3o sabem o que fazem\u201d (Lc 23,34). Sofreu por n\u00f3s, morreu e venceu a morte por n\u00f3s, para que tiv\u00e9ssemos vida e vida em abund\u00e2ncia. Jesus lutou por n\u00f3s!<\/p>\n\n\n\n<p>Quem somos n\u00f3s para n\u00e3o lutarmos pelo direito \u00e0 vida? Quem somos n\u00f3s para decretar que outra pessoa n\u00e3o merece viver? Quem somos n\u00f3s para decidir o tempo de vida de outra pessoa? A vida e o tempo n\u00e3o nos pertencem!<\/p>\n\n\n\n<p>Dentre tantos casais que, nem sempre, temos a honra de conhecer e acompanhar, temos o lindo testemunho de Chiara Corbella Petrillo que faleceu em 2012, com 28 anos e foi proclamada Serva de Deus pela Igreja. Chiara perdeu sua primeira filha dias ap\u00f3s o nascimento, depois perdeu o segundo filho ap\u00f3s o parto e na terceira gesta\u00e7\u00e3o ela ofereceu sua vida para salvar a de seu filho. Vale a pena conhecer sua hist\u00f3ria!<\/p>\n\n\n\n<p>Pe\u00e7amos ao Esp\u00edrito Santo, Chama ardente, Fogo de Deus, O Defensor, que purifique a humanidade, ilumine as pessoas e defenda as crian\u00e7as.<\/p>\n","protected":false},"excerpt":{"rendered":"<p>\u201cEu vim para que tenham vida e a tenham em abund\u00e2ncia. \u201d Jo 10,10 Qual o valor da Vida para voc\u00ea? O senhor Orazio, pai de S\u00e3o Padre Pio, tinha tanta rever\u00eancia pela vida que no campo chegava a sair do caminho de uma formiga para n\u00e3o esmag\u00e1-la. Era um homem conhecido como simples, am\u00e1vel, [&hellip;]<\/p>\n","protected":false},"author":2,"featured_media":326,"comment_status":"open","ping_status":"open","sticky":false,"template":"","format":"standard","meta":{"_exactmetrics_skip_tracking":false,"_exactmetrics_sitenote_active":false,"_exactmetrics_sitenote_note":"","_exactmetrics_sitenote_category":0,"footnotes":""},"categories":[1],"tags":[],"class_list":["post-325","post","type-post","status-publish","format-standard","has-post-thumbnail","hentry","category-geral"],"aioseo_notices":[],"_links":{"self":[{"href":"https:\/\/ibonitatis.com.br\/index.php?rest_route=\/wp\/v2\/posts\/325","targetHints":{"allow":["GET"]}}],"collection":[{"href":"https:\/\/ibonitatis.com.br\/index.php?rest_route=\/wp\/v2\/posts"}],"about":[{"href":"https:\/\/ibonitatis.com.br\/index.php?rest_route=\/wp\/v2\/types\/post"}],"author":[{"embeddable":true,"href":"https:\/\/ibonitatis.com.br\/index.php?rest_route=\/wp\/v2\/users\/2"}],"replies":[{"embeddable":true,"href":"https:\/\/ibonitatis.com.br\/index.php?rest_route=%2Fwp%2Fv2%2Fcomments&post=325"}],"version-history":[{"count":1,"href":"https:\/\/ibonitatis.com.br\/index.php?rest_route=\/wp\/v2\/posts\/325\/revisions"}],"predecessor-version":[{"id":327,"href":"https:\/\/ibonitatis.com.br\/index.php?rest_route=\/wp\/v2\/posts\/325\/revisions\/327"}],"wp:featuredmedia":[{"embeddable":true,"href":"https:\/\/ibonitatis.com.br\/index.php?rest_route=\/wp\/v2\/media\/326"}],"wp:attachment":[{"href":"https:\/\/ibonitatis.com.br\/index.php?rest_route=%2Fwp%2Fv2%2Fmedia&parent=325"}],"wp:term":[{"taxonomy":"category","embeddable":true,"href":"https:\/\/ibonitatis.com.br\/index.php?rest_route=%2Fwp%2Fv2%2Fcategories&post=325"},{"taxonomy":"post_tag","embeddable":true,"href":"https:\/\/ibonitatis.com.br\/index.php?rest_route=%2Fwp%2Fv2%2Ftags&post=325"}],"curies":[{"name":"wp","href":"https:\/\/api.w.org\/{rel}","templated":true}]}}