{"id":343,"date":"2024-03-30T00:00:35","date_gmt":"2024-03-30T03:00:35","guid":{"rendered":"http:\/\/ibonitatis.local\/?p=343"},"modified":"2024-06-28T10:03:50","modified_gmt":"2024-06-28T13:03:50","slug":"somente-por-hoje","status":"publish","type":"post","link":"https:\/\/ibonitatis.com.br\/?p=343","title":{"rendered":"Somente por hoje"},"content":{"rendered":"\n<p>\u201c<em>N\u00e3o se perturbe o vosso cora\u00e7\u00e3o. Tendes f\u00e9 em Deus, tende f\u00e9 em mim tamb\u00e9m<\/em>\u201d. (Jo, 14,1)<\/p>\n\n\n\n<p>Jesus pede ao homem que tenha um cora\u00e7\u00e3o firme na f\u00e9 para assim ter uma vida ordenada. Sofrer pelas coisas certas, sofrer pelas coisas do alto, que decorrem do amor direcionado a Deus e ao pr\u00f3ximo e n\u00e3o decorrentes de amor pr\u00f3prio.&nbsp;<\/p>\n\n\n\n<p>Olhar para pr\u00f3pria vida a partir das coisas do alto.<\/p>\n\n\n\n<p>O mundo de hoje est\u00e1 doente porque tem voltado o olhar para as coisas da terra, aquilo que perece, apodrece, esquecendo-se de Deus.<\/p>\n\n\n\n<p>Quais as suas preocupa\u00e7\u00f5es? Com o que a sua intelig\u00eancia tem sido mais alimentada? Sa\u00fade? Apar\u00eancia f\u00edsica? Mercado de valores? H\u00e1 modera\u00e7\u00e3o no acesso a esses assuntos ou ele \u00e9 exagerado?&nbsp;<\/p>\n\n\n\n<p>Voc\u00ea ama aquilo que mais busca e voc\u00ea \u00e9 aquilo que mais ama.<\/p>\n\n\n\n<p>Aplicar a intelig\u00eancia conhecendo Jesus e crendo Nele cada vez mais, permite o aumento da f\u00e9 e o fortalecimento na esperan\u00e7a de que apesar das turbul\u00eancias do HOJE, existe um Deus que pousa individualmente o seu olhar de Pai em voc\u00ea e n\u00e3o te abandonar\u00e1.<\/p>\n\n\n\n<p>A confian\u00e7a e o abandono abrem a alma para Deus.<\/p>\n\n\n\n<p>A paix\u00e3o que impede a confian\u00e7a e abandono \u00e0 divina Provid\u00eancia \u00e9 a ansiedade.&nbsp;<\/p>\n\n\n\n<p>O Dem\u00f4nio utiliza-se, principalmente nos dias de hoje, do suspense e da ansiedade para apresentar cruzes futuras imagin\u00e1rias, muitas vezes irreais e imposs\u00edveis de serem carregadas ao mesmo tempo, para que voc\u00ea tire o foco da cruz de hoje e da gra\u00e7a que HOJE Deus te d\u00e1 para carreg\u00e1-la.&nbsp;<\/p>\n\n\n\n<p>O dem\u00f4nio quer prender o homem no mundo imagin\u00e1rio, de ilus\u00e3o e desviar o seu olhar do HOJE.<\/p>\n\n\n\n<p>Neste sentido, Santa Teresinha do Menino Jesus comp\u00f4s uma poesia:<\/p>\n\n\n\n<p class=\"has-text-align-center\"><em>\u201c1. A minha vida \u00e9 um s\u00f3 instante, uma hora passageira<\/em><br><em>A minha vida \u00e9 um s\u00f3 dia que me escapa e me foge\u00a0(&#8230;)<\/em><br><em>3. Que me importa, Senhor, se o futuro \u00e9 sombrio?<\/em><br><em>Nada posso pedir-Te, oh n\u00e3o, para amanh\u00e3!\u2026<\/em><br><em>Conserva-me o cora\u00e7\u00e3o puro, cobre-me com a tua sombra<\/em><br><em>Somente por hoje.<\/em><br><em>4. Se penso em amanh\u00e3, temo a minha inconst\u00e2ncia<\/em><br><em>Sinto nascer em mim a tristeza e o desgosto.<\/em><br><em>Mas aceito, meu Deus, a prova, o sofrimento<\/em><br><em>Somente por hoje. (&#8230;)\u201d<\/em><\/p>\n\n\n\n<p>Tudo tem um prop\u00f3sito de Deus. Ele n\u00e3o permitiria o mal se dele n\u00e3o pudesse tirar um bem maior. O p\u00e3o de cada dia \u00e9 dado para que se cumpra a vontade de Deus, pois para isso fomos criados.<\/p>\n\n\n\n<p>Francisco Jos\u00e9 de Almeida nesta linha escreve:<\/p>\n\n\n\n<p><em>\u201cQuem se deixar guiar pela vontade pr\u00f3xima e concreta de Deus nas horas do seu dia, nas etapas da sua vida, em livre e delicada aten\u00e7\u00e3o ao querer de Deus, experimenta a concilia\u00e7\u00e3o dos opostos e obt\u00e9m uma provis\u00e3o de esperan\u00e7a: a sua vida n\u00e3o ter\u00e1 sido est\u00e9ril nem para os homens, nem fundamentalmente para Deus, que \u00e9 afinal o que importa. Poder\u00e1 ao t\u00e9rmino dos seus dias, olhar para tr\u00e1s e ver que a eternidade entrou aos poucos no seu tempo\u201d.&nbsp;<\/em><\/p>\n\n\n\n<p>Ent\u00e3o, busque conhecer o Nosso Deus de Amor e o ame. N\u00e3o perturbes o vosso cora\u00e7\u00e3o! Confia! Ele te ajudar\u00e1 a vencer o HOJE com tranquilidade e paz.<\/p>\n","protected":false},"excerpt":{"rendered":"<p>\u201cN\u00e3o se perturbe o vosso cora\u00e7\u00e3o. Tendes f\u00e9 em Deus, tende f\u00e9 em mim tamb\u00e9m\u201d. (Jo, 14,1) Jesus pede ao homem que tenha um cora\u00e7\u00e3o firme na f\u00e9 para assim ter uma vida ordenada. Sofrer pelas coisas certas, sofrer pelas coisas do alto, que decorrem do amor direcionado a Deus e ao pr\u00f3ximo e n\u00e3o [&hellip;]<\/p>\n","protected":false},"author":4,"featured_media":344,"comment_status":"open","ping_status":"open","sticky":false,"template":"","format":"standard","meta":{"_exactmetrics_skip_tracking":false,"_exactmetrics_sitenote_active":false,"_exactmetrics_sitenote_note":"","_exactmetrics_sitenote_category":0,"footnotes":""},"categories":[1],"tags":[],"class_list":["post-343","post","type-post","status-publish","format-standard","has-post-thumbnail","hentry","category-geral"],"aioseo_notices":[],"_links":{"self":[{"href":"https:\/\/ibonitatis.com.br\/index.php?rest_route=\/wp\/v2\/posts\/343","targetHints":{"allow":["GET"]}}],"collection":[{"href":"https:\/\/ibonitatis.com.br\/index.php?rest_route=\/wp\/v2\/posts"}],"about":[{"href":"https:\/\/ibonitatis.com.br\/index.php?rest_route=\/wp\/v2\/types\/post"}],"author":[{"embeddable":true,"href":"https:\/\/ibonitatis.com.br\/index.php?rest_route=\/wp\/v2\/users\/4"}],"replies":[{"embeddable":true,"href":"https:\/\/ibonitatis.com.br\/index.php?rest_route=%2Fwp%2Fv2%2Fcomments&post=343"}],"version-history":[{"count":1,"href":"https:\/\/ibonitatis.com.br\/index.php?rest_route=\/wp\/v2\/posts\/343\/revisions"}],"predecessor-version":[{"id":345,"href":"https:\/\/ibonitatis.com.br\/index.php?rest_route=\/wp\/v2\/posts\/343\/revisions\/345"}],"wp:featuredmedia":[{"embeddable":true,"href":"https:\/\/ibonitatis.com.br\/index.php?rest_route=\/wp\/v2\/media\/344"}],"wp:attachment":[{"href":"https:\/\/ibonitatis.com.br\/index.php?rest_route=%2Fwp%2Fv2%2Fmedia&parent=343"}],"wp:term":[{"taxonomy":"category","embeddable":true,"href":"https:\/\/ibonitatis.com.br\/index.php?rest_route=%2Fwp%2Fv2%2Fcategories&post=343"},{"taxonomy":"post_tag","embeddable":true,"href":"https:\/\/ibonitatis.com.br\/index.php?rest_route=%2Fwp%2Fv2%2Ftags&post=343"}],"curies":[{"name":"wp","href":"https:\/\/api.w.org\/{rel}","templated":true}]}}