{"id":36,"date":"2024-06-22T00:00:26","date_gmt":"2024-06-22T03:00:26","guid":{"rendered":"http:\/\/ibonitatis.provisorio.ws\/?p=36"},"modified":"2024-06-29T14:25:24","modified_gmt":"2024-06-29T17:25:24","slug":"a-dificil-tarefa-de-escolher-uma-escola","status":"publish","type":"post","link":"https:\/\/ibonitatis.com.br\/?p=36","title":{"rendered":"A dif\u00edcil tarefa de escolher uma escola"},"content":{"rendered":"\t\t<div data-elementor-type=\"wp-post\" data-elementor-id=\"36\" class=\"elementor elementor-36\" data-elementor-post-type=\"post\">\n\t\t\t\t<div class=\"elementor-element elementor-element-3aea0332 e-flex e-con-boxed e-con e-parent\" data-id=\"3aea0332\" data-element_type=\"container\">\n\t\t\t\t\t<div class=\"e-con-inner\">\n\t\t\t\t<div class=\"elementor-element elementor-element-59d1db59 elementor-widget elementor-widget-text-editor\" data-id=\"59d1db59\" data-element_type=\"widget\" data-widget_type=\"text-editor.default\">\n\t\t\t\t<div class=\"elementor-widget-container\">\n\t\t\t\t\t\t\t\t\t\n<p>\u201c<em>A fam\u00edlia recebe, portanto, imediatamente do Criador a miss\u00e3o e consequentemente o direito de educar a prole, direito inalien\u00e1vel porque inseparavelmente unido com a obriga\u00e7\u00e3o rigorosa, direito anterior a qualquer direito da sociedade civil e do Estado, e por isso inviol\u00e1vel da parte de todo e qualquer poder terreno.&nbsp;<\/em>\u201d \u00b9<\/p>\n\n\n\n<p>O Papa Pio XI deixa claro em sua enc\u00edclica Divini Illius Magistri que a primeira sociedade respons\u00e1vel pela educa\u00e7\u00e3o das crian\u00e7as \u00e9 a fam\u00edlia, essa det\u00e9m o direito concedido por Deus e por isso n\u00e3o deve ser suprimido. Sabemos que a educa\u00e7\u00e3o n\u00e3o \u00e9 uma tarefa f\u00e1cil, cabe aos pais educarem seus filhos, n\u00e3o somente quanto a moral, mas tamb\u00e9m a religi\u00e3o, o f\u00edsico e o civil.<\/p>\n\n\n\n<p>Diante de t\u00e3o nobre desafio, os pais ficam por vezes, perdidos em meio a tantas demandas. Em muitas fam\u00edlias a quest\u00e3o financeira n\u00e3o permite que as m\u00e3es fiquem em casa e assumam a educa\u00e7\u00e3o dos filhos em todos os seus aspectos. Sendo assim acabam por coloc\u00e1-los na escola e delegando a essa uma parte de sua responsabilidade.<\/p>\n\n\n\n<p>A educa\u00e7\u00e3o da crian\u00e7a que frequenta a escola est\u00e1 toda comprometida? Como escolher a escola apropriada para meu filho? Como saber se o que \u00e9 ensinado na escola est\u00e1 correto?<\/p>\n\n\n\n<p>Essas s\u00e3o perguntas que v\u00eam \u00e0 tona na cabe\u00e7a dos pais diante dessa necessidade. A Santa Igreja, como M\u00e3e e Mestra, tem as respostas para esses questionamentos. Na Enc\u00edclica Divini Illius Magistri encontramos que \u201c&#8230;<em>a escola chamada neutra ou laica, donde \u00e9 exclu\u00edda a religi\u00e3o, \u00e9 contr\u00e1ria aos princ\u00edpios fundamentais da educa\u00e7\u00e3o<\/em>. \u201d Sendo assim, os pais cat\u00f3licos devem buscar escolas confessionais cat\u00f3licas, com professores cat\u00f3licos e alunos cat\u00f3licos.<\/p>\n\n\n\n<p>\u201c<em>Para este efeito \u00e9 indispens\u00e1vel que todo o ensino e toda a organiza\u00e7\u00e3o da escola: mestres, programas, livros, em todas as disciplinas, sejam regidos pelo esp\u00edrito crist\u00e3o, sob a dire\u00e7\u00e3o e vigil\u00e2ncia maternal da Igreja cat\u00f3lica, de modo que a Religi\u00e3o seja verdadeiramente fundamento e coroa de toda a instru\u00e7\u00e3o, em todos os graus, n\u00e3o s\u00f3 elementar, mas tamb\u00e9m m\u00e9dia e superior.<\/em>\u201d \u00b9<\/p>\n\n\n\n<p>Est\u00e1 claro como os pais devem proceder na escolha de uma escola para seus filhos, por\u00e9m sabemos que nos tempos atuais essa \u00e9 uma miss\u00e3o quase que imposs\u00edvel para os pais. Em muitas regi\u00f5es elas n\u00e3o existem e os pais, por falta de op\u00e7\u00e3o, colocam os filhos em escolas laicas. Bem sabemos como \u00e9 o ambiente, as amizades e o ensino nessas escolas, e o risco que trazem para a alma das crian\u00e7as.<\/p>\n\n\n\n<p>O que fazer diante dessa situa\u00e7\u00e3o?<\/p>\n\n\n\n<p>Na aus\u00eancia de uma escola cat\u00f3lica, a fam\u00edlia deve retardar ao m\u00e1ximo a entrada da crian\u00e7a na escola e propiciar no lar um ambiente de forma\u00e7\u00e3o moral e religiosa. Os pais s\u00e3o os representantes de Deus na vida dos filhos, por isso devem educ\u00e1-los n\u00e3o somente com as palavras, mas pelo exemplo, sendo bons crist\u00e3os e conhecedores da doutrina cat\u00f3lica. \u00c9 de extrema import\u00e2ncia que as crian\u00e7as sejam introduzidas o mais cedo poss\u00edvel na igreja, recebam os sacramentos e tenham atos de piedade. Toda essa base \u00e9 necess\u00e1ria para que a crian\u00e7a, ao entrar na escola, n\u00e3o se deixe envolver por comportamentos pag\u00e3os que possam corromper sua pureza.<\/p>\n\n\n\n<p>\u201c<em>O pai segundo a carne participa dum modo particular da raz\u00e3o de princ\u00edpio que, dum modo universal se encontra em Deus&#8230; O pai \u00e9 princ\u00edpio da gera\u00e7\u00e3o, da educa\u00e7\u00e3o e da disciplina, de tudo o que se refere ao aperfei\u00e7oamento da vida humana.\u201d&nbsp;<\/em>\u00b9&nbsp;<\/p>\n\n\n\n<p>Com a admiss\u00e3o da crian\u00e7a na escola, os pais devem ser ainda mais vigilantes. Precisam estar atentos aos conte\u00fados transmitidos, as amizades e aos livros oferecidos pela escola. \u00c9 de muita valia que a fam\u00edlia complemente o conte\u00fado ensinado, aponte os erros aos filhos e mostre sempre a verdade. Gastem tempo ouvindo seus filhos e incentive-os a contarem tudo o que se passa na escola. No per\u00edodo escolar se faz necess\u00e1rio o aux\u00edlio da igreja, o conv\u00edvio com bons sacerdotes e irm\u00e3os de f\u00e9, isso favorecer\u00e1 o fortalecimento de comportamentos saud\u00e1veis e dos valores crist\u00e3os.<\/p>\n\n\n\n<p>A vida de ora\u00e7\u00e3o \u00e9 necess\u00e1ria para que a fam\u00edlia enfrente as batalhas e os desafios da educa\u00e7\u00e3o. Lidamos com um inimigo ardiloso que tenta nos persuadir a cada momento de modo sutil. Sem o aux\u00edlio da Gra\u00e7a n\u00e3o \u00e9 poss\u00edvel venc\u00ea-lo! \u00c9 necess\u00e1rio pedir a&nbsp;Nossa Senhora, incansavelmente, que nos d\u00ea a gra\u00e7a de educarmos nossos filhos em Cristo, com Cristo e para Cristo.<\/p>\n\n\n\n<p>\u201c<em>\u00c9, portanto, da m\u00e1xima import\u00e2ncia n\u00e3o errar na educa\u00e7\u00e3o, como n\u00e3o errar na dire\u00e7\u00e3o para o fim \u00faltimo com o qual est\u00e1 conexa intima e necessariamente toda a obra da educa\u00e7\u00e3o. (&#8230;) n\u00e3o pode dar-se educa\u00e7\u00e3o adequada e perfeita sen\u00e3o a crist\u00e3.<\/em>\u201d \u00b9<\/p>\n\n\n\n<p>\u00b9Enc\u00edclica Divini Illius Magistri do Papa Pio XI: sobre a Educa\u00e7\u00e3o Crist\u00e3 da Juventude (31 de dezembro de 1929).<\/p>\n\t\t\t\t\t\t\t\t<\/div>\n\t\t\t\t<\/div>\n\t\t\t\t\t<\/div>\n\t\t\t\t<\/div>\n\t\t\t\t<\/div>\n\t\t","protected":false},"excerpt":{"rendered":"<p>\u201cA fam\u00edlia recebe, portanto, imediatamente do Criador a miss\u00e3o e consequentemente o direito de educar a prole, direito inalien\u00e1vel porque inseparavelmente unido com a obriga\u00e7\u00e3o rigorosa, direito anterior a qualquer direito da sociedade civil e do Estado, e por isso inviol\u00e1vel da parte de todo e qualquer poder terreno.&nbsp;\u201d \u00b9 O Papa Pio XI deixa [&hellip;]<\/p>\n","protected":false},"author":14,"featured_media":37,"comment_status":"open","ping_status":"open","sticky":false,"template":"","format":"standard","meta":{"_exactmetrics_skip_tracking":false,"_exactmetrics_sitenote_active":false,"_exactmetrics_sitenote_note":"","_exactmetrics_sitenote_category":0,"footnotes":""},"categories":[1],"tags":[21,26,27,20,22,19],"class_list":["post-36","post","type-post","status-publish","format-standard","has-post-thumbnail","hentry","category-geral","tag-educacao","tag-educacao-catolica","tag-escola","tag-espiritualidade","tag-filhos","tag-oracao"],"aioseo_notices":[],"_links":{"self":[{"href":"https:\/\/ibonitatis.com.br\/index.php?rest_route=\/wp\/v2\/posts\/36","targetHints":{"allow":["GET"]}}],"collection":[{"href":"https:\/\/ibonitatis.com.br\/index.php?rest_route=\/wp\/v2\/posts"}],"about":[{"href":"https:\/\/ibonitatis.com.br\/index.php?rest_route=\/wp\/v2\/types\/post"}],"author":[{"embeddable":true,"href":"https:\/\/ibonitatis.com.br\/index.php?rest_route=\/wp\/v2\/users\/14"}],"replies":[{"embeddable":true,"href":"https:\/\/ibonitatis.com.br\/index.php?rest_route=%2Fwp%2Fv2%2Fcomments&post=36"}],"version-history":[{"count":4,"href":"https:\/\/ibonitatis.com.br\/index.php?rest_route=\/wp\/v2\/posts\/36\/revisions"}],"predecessor-version":[{"id":164,"href":"https:\/\/ibonitatis.com.br\/index.php?rest_route=\/wp\/v2\/posts\/36\/revisions\/164"}],"wp:featuredmedia":[{"embeddable":true,"href":"https:\/\/ibonitatis.com.br\/index.php?rest_route=\/wp\/v2\/media\/37"}],"wp:attachment":[{"href":"https:\/\/ibonitatis.com.br\/index.php?rest_route=%2Fwp%2Fv2%2Fmedia&parent=36"}],"wp:term":[{"taxonomy":"category","embeddable":true,"href":"https:\/\/ibonitatis.com.br\/index.php?rest_route=%2Fwp%2Fv2%2Fcategories&post=36"},{"taxonomy":"post_tag","embeddable":true,"href":"https:\/\/ibonitatis.com.br\/index.php?rest_route=%2Fwp%2Fv2%2Ftags&post=36"}],"curies":[{"name":"wp","href":"https:\/\/api.w.org\/{rel}","templated":true}]}}