{"id":366,"date":"2024-02-24T00:00:27","date_gmt":"2024-02-24T03:00:27","guid":{"rendered":"http:\/\/ibonitatis.local\/?p=366"},"modified":"2024-06-28T09:58:26","modified_gmt":"2024-06-28T12:58:26","slug":"guarde-o-coracao","status":"publish","type":"post","link":"https:\/\/ibonitatis.com.br\/?p=366","title":{"rendered":"Guarde o cora\u00e7\u00e3o"},"content":{"rendered":"\n<p>Estamos na quaresma, tempo prop\u00edcio para o sil\u00eancio, reflex\u00e3o, autoavalia\u00e7\u00e3o e por consequ\u00eancia, tomada de prop\u00f3sitos de melhora.&nbsp;<\/p>\n\n\n\n<p>Como Jesus nos disse: a impureza procede do cora\u00e7\u00e3o do homem (Mc 7,21). Logo entendemos a import\u00e2ncia da vigil\u00e2ncia da pr\u00f3pria intimidade, de guardar o pr\u00f3prio cora\u00e7\u00e3o. E no caso dos pais, guardar muito bem os cora\u00e7\u00f5es dos filhos e ensin\u00e1-los a fazer o mesmo. &nbsp;<\/p>\n\n\n\n<p><em>\u201cA ci\u00eancia da guarda do cora\u00e7\u00e3o \u00e9 feita de ordem e de luta, de defesa e de ataque, de ren\u00fancia e de sofrimento&#8230; Guardar o cora\u00e7\u00e3o quer dizer conserv\u00e1-lo para Deus, viver de modo que nosso cora\u00e7\u00e3o seja o Seu reino, que nele existam todos os amores que se devem encontrar em consequ\u00eancia do nosso estado e da nossa condi\u00e7\u00e3o, mas que todos estejam harmonicamente fundidos no amor de Deus e para Ele ordenados.\u00b9\u201d<\/em><\/p>\n\n\n\n<p><em>\u201cA guarda do cora\u00e7\u00e3o significa sempre ordem no amor. A ci\u00eancia da guarda do cora\u00e7\u00e3o ensina o crist\u00e3o a penetrar na profundidade da alma para descobrir os seus movimentos e tend\u00eancias.\u00b9\u201d&nbsp;<\/em><\/p>\n\n\n\n<p><em>\u201cSe experimentarmos enfrentar o nosso cora\u00e7\u00e3o, n\u00e3o tardaremos a descobrir que Deus, a natureza e o dem\u00f4nio s\u00e3o os tr\u00eas eternos protagonistas do combate espiritual que diariamente se trava nele. E comprovaremos perfeitamente como as batalhas de Deus se vencem e se perdem no cora\u00e7\u00e3o.\u00b9\u201d&nbsp;<\/em><\/p>\n\n\n\n<p>Como \u00e9 bela essa luta di\u00e1ria que todos n\u00f3s travamos no cora\u00e7\u00e3o, ela revela o nosso chamado. Que riqueza \u00e9 esse caminho de purifica\u00e7\u00e3o! Precisamos ter consci\u00eancia disso!<\/p>\n\n\n\n<p>Nesse caminho nos damos conta de nossa imensa fraqueza, do quanto precisamos crescer em virtudes, de que isso exige de n\u00f3s esfor\u00e7o e perseveran\u00e7a, mas sem a Gra\u00e7a de Deus n\u00e3o chegamos \u00e0 vit\u00f3ria. Na viv\u00eancia dessa din\u00e2mica entendemos com facilidade como \u00e9 bom sermos fracos, pois por meio do reconhecimento de nossas mis\u00e9rias somos elevados a Deus. \u201c<em>Quando me sinto fraco, ent\u00e3o \u00e9 que sou forte\u201d (2 Cor 12,10).<\/em>&nbsp;Como \u00e9 bom dependermos de Deus para tudo, podermos correr para os bra\u00e7os Dele a qualquer momento e por qualquer raz\u00e3o.&nbsp;<\/p>\n\n\n\n<p>Na certeza do amor de Deus por n\u00f3s, diante de Jesus flagelado, olhemos para os nossos cora\u00e7\u00f5es e identifiquemos, por exemplo, que \u201c<em>a causa das nossas perturba\u00e7\u00f5es e das nossas inquieta\u00e7\u00f5es reside na preocupa\u00e7\u00e3o excessiva pela estima pr\u00f3pria ou no desejo inquieto da estima dos outros. A alma humilde abandona a estima pr\u00f3pria e o desejo de estima dos outros nas m\u00e3os de Deus. E sabe que assim est\u00e3o seguras<\/em>.\u00b9\u201d A humildade traz paz e quietude!&nbsp;<\/p>\n\n\n\n<p>\u201cA humildade, com efeito, \u00e9 chamada de caminho que conduz \u00e0 verdade. A humildade \u00e9 o labor, enquanto a verdade \u00e9 o pr\u00eamio do labor. \u201d S\u00e3o Bernardo de Claraval<\/p>\n\n\n\n<p>Se conseguirmos, nessa quaresma, subir pelo menos um degrau na humildade certamente consolaremos muito Nosso Senhor Jesus.&nbsp;<\/p>\n\n\n\n<p>\u00b9 SALVATORE CANALS,&nbsp;<em>Reflex\u00f5es Espirituais<\/em>, S\u00e3o Paulo, Editora Quadrante, 1967<\/p>\n","protected":false},"excerpt":{"rendered":"<p>Estamos na quaresma, tempo prop\u00edcio para o sil\u00eancio, reflex\u00e3o, autoavalia\u00e7\u00e3o e por consequ\u00eancia, tomada de prop\u00f3sitos de melhora.&nbsp; Como Jesus nos disse: a impureza procede do cora\u00e7\u00e3o do homem (Mc 7,21). Logo entendemos a import\u00e2ncia da vigil\u00e2ncia da pr\u00f3pria intimidade, de guardar o pr\u00f3prio cora\u00e7\u00e3o. E no caso dos pais, guardar muito bem os cora\u00e7\u00f5es [&hellip;]<\/p>\n","protected":false},"author":2,"featured_media":367,"comment_status":"open","ping_status":"open","sticky":false,"template":"","format":"standard","meta":{"_exactmetrics_skip_tracking":false,"_exactmetrics_sitenote_active":false,"_exactmetrics_sitenote_note":"","_exactmetrics_sitenote_category":0,"footnotes":""},"categories":[1],"tags":[],"class_list":["post-366","post","type-post","status-publish","format-standard","has-post-thumbnail","hentry","category-geral"],"aioseo_notices":[],"_links":{"self":[{"href":"https:\/\/ibonitatis.com.br\/index.php?rest_route=\/wp\/v2\/posts\/366","targetHints":{"allow":["GET"]}}],"collection":[{"href":"https:\/\/ibonitatis.com.br\/index.php?rest_route=\/wp\/v2\/posts"}],"about":[{"href":"https:\/\/ibonitatis.com.br\/index.php?rest_route=\/wp\/v2\/types\/post"}],"author":[{"embeddable":true,"href":"https:\/\/ibonitatis.com.br\/index.php?rest_route=\/wp\/v2\/users\/2"}],"replies":[{"embeddable":true,"href":"https:\/\/ibonitatis.com.br\/index.php?rest_route=%2Fwp%2Fv2%2Fcomments&post=366"}],"version-history":[{"count":1,"href":"https:\/\/ibonitatis.com.br\/index.php?rest_route=\/wp\/v2\/posts\/366\/revisions"}],"predecessor-version":[{"id":368,"href":"https:\/\/ibonitatis.com.br\/index.php?rest_route=\/wp\/v2\/posts\/366\/revisions\/368"}],"wp:featuredmedia":[{"embeddable":true,"href":"https:\/\/ibonitatis.com.br\/index.php?rest_route=\/wp\/v2\/media\/367"}],"wp:attachment":[{"href":"https:\/\/ibonitatis.com.br\/index.php?rest_route=%2Fwp%2Fv2%2Fmedia&parent=366"}],"wp:term":[{"taxonomy":"category","embeddable":true,"href":"https:\/\/ibonitatis.com.br\/index.php?rest_route=%2Fwp%2Fv2%2Fcategories&post=366"},{"taxonomy":"post_tag","embeddable":true,"href":"https:\/\/ibonitatis.com.br\/index.php?rest_route=%2Fwp%2Fv2%2Ftags&post=366"}],"curies":[{"name":"wp","href":"https:\/\/api.w.org\/{rel}","templated":true}]}}