{"id":401,"date":"2023-11-25T00:00:09","date_gmt":"2023-11-25T03:00:09","guid":{"rendered":"http:\/\/ibonitatis.local\/?p=401"},"modified":"2024-06-28T09:49:28","modified_gmt":"2024-06-28T12:49:28","slug":"a-ausencia-de-pais-verdadeiros","status":"publish","type":"post","link":"https:\/\/ibonitatis.com.br\/?p=401","title":{"rendered":"A aus\u00eancia de pais verdadeiros"},"content":{"rendered":"\n<p>N\u00f3s estamos vivendo hoje numa desconstru\u00e7\u00e3o enorme da estrutura familiar, estamos perto de dizer que a fam\u00edlia tradicional entrou em extin\u00e7\u00e3o. Mas porque isso vem ocorrendo?<\/p>\n\n\n\n<p>A fam\u00edlia, como institui\u00e7\u00e3o e Igreja dom\u00e9stica, passou por muitas mudan\u00e7as e desconstru\u00e7\u00f5es ao longo do tempo devido a divis\u00e3o sexual do trabalho iniciada pela revolu\u00e7\u00e3o feminista. Antigamente, a fam\u00edlia era soberana e o pai tinha a fun\u00e7\u00e3o de prover autoridade, seguran\u00e7a f\u00edsica e financeira. Hoje n\u00e3o se ouve mais falar em um modelo de pai.&nbsp;<\/p>\n\n\n\n<p>Os pais perderam suas identidades, enquanto cada vez mais vemos m\u00e3es assumirem todas as responsabilidades sozinhas na educa\u00e7\u00e3o e sustento dos filhos.<\/p>\n\n\n\n<p>A aus\u00eancia paterna, ou mesmo presente, mas sem cumprir suas fun\u00e7\u00f5es paternas, \u00e9 um fen\u00f4meno social alarmante que gera in\u00fameras consequ\u00eancias conhecidas, como o aumento da delinqu\u00eancia infantil e juvenil. Esta aus\u00eancia paterna causa comportamentos agressivos devido ao sentimento de inseguran\u00e7a desenvolvido pela crian\u00e7a; causa isolamento social por n\u00e3o conseguir seguir leis, regras e nem respeitar autoridades; depress\u00e3o infantil; neuroses de ansiedade; TDHA; dist\u00farbios de sono; fobias; dentre muitas outras doen\u00e7as que tem por de tr\u00e1s um hist\u00f3rico de pai ausente.&nbsp;&nbsp;&nbsp;<\/p>\n\n\n\n<p>O papel do pai tem origem no pr\u00f3prio Deus, nosso Pai e Senhor. Tornar-se pai \u00e9 ser semelhante a Deus, amar, cuidar e se importar com os filhos.&nbsp;<\/p>\n\n\n\n<p>Deus est\u00e1 presente em cada pai que se esfor\u00e7a ao m\u00e1ximo para criar e cuidar daqueles que est\u00e3o sob seu cuidado.&nbsp;<\/p>\n\n\n\n<p>O pai deve presidir a fam\u00edlia com amor e retid\u00e3o, atendendo suas necessidades e os protegendo. O pai \u00e9 o tutor dos filhos de Deus e deve ensinar aos filhos e gui\u00e1-los no caminho da f\u00e9 e da verdade. \u00c9 respons\u00e1vel perante ao Senhor pelo modo como educa, pois: \u00a8Eis que os filhos s\u00e3o heran\u00e7a do Senhor\u00a8.<\/p>\n\n\n\n<p>Palavras bondosas e atos de carinho com os filhos conseguir\u00e3o dominar sua natureza ind\u00f3cil muito melhor do que com a vara, castigos e gritos. S\u00e3o Dom Bosco teve um sonho no qual teve esta revela\u00e7\u00e3o. Mas e agora? Esta escrito: \u00a8A vara e a repreens\u00e3o d\u00e3o sabedoria, mas a crian\u00e7a entregue a si mesma, envergonha a sua m\u00e3e\u00a8{Prov\u00e9rbios 29:15} e \u00a8O que n\u00e3o faz uso da vara odeia seu filho, mas o que ama, desde cedo o castiga\u00a8&nbsp; { Prov\u00e9rbios 13:24} estas cita\u00e7\u00f5es nos ensina a fazer corre\u00e7\u00f5es s\u00e1bias, pontuais e prudentes. Assim tamb\u00e9m, S\u00e3o Dom Bosco, em meio a um tumulto de jovens arruaceiros, usou da \u201cvara\u201d para cont\u00ea-los.&nbsp;<\/p>\n\n\n\n<p>Os filhos que vivem sob o amor e bondade do pai, quando fazem algo errado e recebem a reprimida deste pai que se afasta, se sentem mais castigados do que se tivessem recebido uma puni\u00e7\u00e3o f\u00edsica, porque perder o amor do pai \u00e9 como uma alma lan\u00e7ada no inferno que sofre sem o amor de Deus. \u00c9 pela f\u00e9, bons exemplos e ora\u00e7\u00f5es que tornamos nossos filhos obedientes.<\/p>\n\n\n\n<p>\u00c9 preciso manter o equil\u00edbrio dos dois pap\u00e9is: m\u00e3e e pai. A m\u00e3e \u00e9 flex\u00edvel, am\u00e1vel e afetuosa. J\u00e1 o pai deve prover a forma\u00e7\u00e3o de car\u00e1ter e personalidade. O pai deve mostrar ao filho que a vida n\u00e3o \u00e9 o aconchego dos bra\u00e7os da m\u00e3e, mas tamb\u00e9m trabalho, que n\u00e3o \u00e9 s\u00f3 sucessos, mas tamb\u00e9m fracassos. O pai p\u00f5e limites e valores morais e \u00e9ticos, sendo o alicerce familiar.&nbsp;<\/p>\n\n\n\n<p>A soma dos dois (pai e m\u00e3e), formam um ser humano equilibrado e preparado para a vida.&nbsp;Sendo assim, os pais s\u00e3o \u00fanicos e insubstitu\u00edveis!<\/p>\n","protected":false},"excerpt":{"rendered":"<p>N\u00f3s estamos vivendo hoje numa desconstru\u00e7\u00e3o enorme da estrutura familiar, estamos perto de dizer que a fam\u00edlia tradicional entrou em extin\u00e7\u00e3o. Mas porque isso vem ocorrendo? A fam\u00edlia, como institui\u00e7\u00e3o e Igreja dom\u00e9stica, passou por muitas mudan\u00e7as e desconstru\u00e7\u00f5es ao longo do tempo devido a divis\u00e3o sexual do trabalho iniciada pela revolu\u00e7\u00e3o feminista. Antigamente, a [&hellip;]<\/p>\n","protected":false},"author":5,"featured_media":0,"comment_status":"open","ping_status":"open","sticky":false,"template":"","format":"standard","meta":{"_exactmetrics_skip_tracking":false,"_exactmetrics_sitenote_active":false,"_exactmetrics_sitenote_note":"","_exactmetrics_sitenote_category":0,"footnotes":""},"categories":[1],"tags":[],"class_list":["post-401","post","type-post","status-publish","format-standard","hentry","category-geral"],"aioseo_notices":[],"_links":{"self":[{"href":"https:\/\/ibonitatis.com.br\/index.php?rest_route=\/wp\/v2\/posts\/401","targetHints":{"allow":["GET"]}}],"collection":[{"href":"https:\/\/ibonitatis.com.br\/index.php?rest_route=\/wp\/v2\/posts"}],"about":[{"href":"https:\/\/ibonitatis.com.br\/index.php?rest_route=\/wp\/v2\/types\/post"}],"author":[{"embeddable":true,"href":"https:\/\/ibonitatis.com.br\/index.php?rest_route=\/wp\/v2\/users\/5"}],"replies":[{"embeddable":true,"href":"https:\/\/ibonitatis.com.br\/index.php?rest_route=%2Fwp%2Fv2%2Fcomments&post=401"}],"version-history":[{"count":1,"href":"https:\/\/ibonitatis.com.br\/index.php?rest_route=\/wp\/v2\/posts\/401\/revisions"}],"predecessor-version":[{"id":402,"href":"https:\/\/ibonitatis.com.br\/index.php?rest_route=\/wp\/v2\/posts\/401\/revisions\/402"}],"wp:attachment":[{"href":"https:\/\/ibonitatis.com.br\/index.php?rest_route=%2Fwp%2Fv2%2Fmedia&parent=401"}],"wp:term":[{"taxonomy":"category","embeddable":true,"href":"https:\/\/ibonitatis.com.br\/index.php?rest_route=%2Fwp%2Fv2%2Fcategories&post=401"},{"taxonomy":"post_tag","embeddable":true,"href":"https:\/\/ibonitatis.com.br\/index.php?rest_route=%2Fwp%2Fv2%2Ftags&post=401"}],"curies":[{"name":"wp","href":"https:\/\/api.w.org\/{rel}","templated":true}]}}