{"id":407,"date":"2023-11-04T00:00:19","date_gmt":"2023-11-04T03:00:19","guid":{"rendered":"http:\/\/ibonitatis.local\/?p=407"},"modified":"2024-06-28T09:58:12","modified_gmt":"2024-06-28T12:58:12","slug":"existe-alguma-opcao-adequada-para-educacao-dos-filhos-que-nao-seja-em-uma-escola-catolica","status":"publish","type":"post","link":"https:\/\/ibonitatis.com.br\/?p=407","title":{"rendered":"Existe alguma op\u00e7\u00e3o adequada para educa\u00e7\u00e3o dos filhos que n\u00e3o seja em uma escola\u00a0cat\u00f3lica?"},"content":{"rendered":"\n<p>Em 31 de Dezembro de 1929 o Papa Pio XI publicou a carta enc\u00edclica \u201cDivini Illius&nbsp;Magistri\u201d acerca da educa\u00e7\u00e3o crist\u00e3 da juventude. Este documento esclarece e ensina sobre&nbsp;a real necessidade e import\u00e2ncia da educa\u00e7\u00e3o cat\u00f3lica. E nele o Papa declara que&nbsp;<\/p>\n\n\n\n<p>\u201c<em>\u00e9&nbsp;proibida aos jovens cat\u00f3licos a freq\u00fc\u00eancia de escolas acat\u00f3licas, neutras ou mistas, isto \u00e9,&nbsp;daquelas que s\u00e3o abertas indiferentemente para cat\u00f3licos e n\u00e3o cat\u00f3licos, sem distin\u00e7\u00e3o, e<br>s\u00f3 pode tolerar-se tal freq\u00fc\u00eancia unicamente em determinadas circunst\u00e2ncias de lugar e de&nbsp;tempo, e sob especiais cautelas de que \u00e9 juiz o Ordin\u00e1rio\u201d.<\/em><\/p>\n\n\n\n<p><br>Este documento direciona as fam\u00edlias cat\u00f3licas sobre como deve ser a educa\u00e7\u00e3o dos&nbsp;filhos e esclarece que \u00e9 proibido aos jovens cat\u00f3licos frequentar escolas que n\u00e3o sejam&nbsp;cat\u00f3licas, que sejam mistas ou mesmo neutras, salvo em situa\u00e7\u00f5es espec\u00edficas autorizadas&nbsp;pela Igreja. Esta declara\u00e7\u00e3o pode gerar certo estranhamento aos pais nos dias de hoje,&nbsp;primeiro pela falta de conhecimento de tal informa\u00e7\u00e3o, mas tamb\u00e9m pela simples verifica\u00e7\u00e3o&nbsp;de que praticamente n\u00e3o existem mais escolas verdadeiramente cat\u00f3licas, o que torna&nbsp;quase imposs\u00edvel a observ\u00e2ncia desta norma da Santa Igreja.<\/p>\n\n\n\n<p><br>Ao analisarmos o desenvolvimento do ser humano, das crian\u00e7as at\u00e9 a fase adulta,&nbsp;podemos verificar o qu\u00e3o acertadas s\u00e3o estas palavras do Sumo Pont\u00edfice. Nos primeiros&nbsp;anos de vida, at\u00e9 os quatro anos de idade, as crian\u00e7as t\u00eam seu comportamento influenciado&nbsp;pelos est\u00edmulos sensoriais, sendo sua motiva\u00e7\u00e3o direcionada por est\u00edmulos prazerosos&nbsp;como os proporcionados pela comida, pelo contato carinhoso com os pais e irm\u00e3os, ou ao&nbsp;ouvir uma m\u00fasica ou uma hist\u00f3ria contada. \u00c9 tamb\u00e9m influenciada pelos est\u00edmulos&nbsp;desagrad\u00e1veis, como uma dor de barriga por quando est\u00e1 com c\u00f3licas, quando est\u00e1 com&nbsp;fome ou quando n\u00e3o tem sua vontade satisfeita. Nestes anos a crian\u00e7a tende ao que \u00e9&nbsp;prazeroso e se afasta do que lhe causa inc\u00f4modos.<\/p>\n\n\n\n<p>Nesta fase, de comportamentos ainda&nbsp;bastante animalizados, sem tantos recursos racionais para conter os impulsos, uma rotina&nbsp;disciplinada no ambiente domiciliar \u00e9 fundamental, com hor\u00e1rios para dormir e acordar,&nbsp;hor\u00e1rios para as refei\u00e7\u00f5es, para o lazer, para atividades educativas, entre outras, como<br>forma de lidar com esses est\u00edmulos que precisam ainda ser ordenados.<\/p>\n\n\n\n<p><br>Por volta dos quatro anos as crian\u00e7as come\u00e7am a adquirir mais habilidades,&nbsp;incluindo uma maior capacidade de abstra\u00e7\u00e3o, o que lhes permite a constru\u00e7\u00e3o de&nbsp;conceitos favorecendo o racioc\u00ednio, o aprendizado e o entendendimento de coisas e&nbsp;situa\u00e7\u00f5es em um processo importante, para por volta dos sete anos entrar na fase&nbsp;conhecida como \u201cfase da raz\u00e3o\u201d, na qual elas j\u00e1 podem ser cobradas em seus&nbsp;comportamentos e atitudes entre o que est\u00e1 certo e errado, esperando delas um&nbsp;comportamento mais aut\u00f4nomo e menos dependente dos crit\u00e9rios dos pais, mas n\u00e3o&nbsp;totalmente independentes ainda. Nesta fase a disciplina e os cuidados dos pais tamb\u00e9m s\u00e3o&nbsp;fundamentais, principalmente visando continuar protegendo-as de situa\u00e7\u00f5es que&nbsp;coloquem em risco a sua pureza e os seus condicionamentos sensoriais, prevenindo&nbsp;comportamentos viciosos.<\/p>\n\n\n\n<p><br>Por volta dos sete anos a crian\u00e7a j\u00e1 tem um bom aparato intelectual e capacidade de&nbsp;ju\u00edzo cr\u00edtico, j\u00e1 est\u00e1 apta a discernir entre o bem e o mal, entre o certo e o errado, e portanto&nbsp;j\u00e1 pode e precisa come\u00e7ar a ser amparada pela Gra\u00e7a de Deus por meio da catequese, da&nbsp;frequ\u00eancia dos sacramentos e de bons exemplos em seu ambiente de conv\u00edvio familiar e&nbsp;comunit\u00e1rio. Com a aquisi\u00e7\u00e3o destas habilidades pr\u00f3prias da idade ela tamb\u00e9m passa a ter&nbsp;responsabilidade sobre suas escolhas. Apesar de ainda ter muito presente o apoio dos pais&nbsp;limitando essa liberdade no que lhes s\u00e3o impr\u00f3prios, quando escolhem diante de suas&nbsp;consci\u00eancias, precisam do apoio da Gra\u00e7a Divina para escolher pelo bem, pois estar\u00e3o sob&nbsp;influ\u00eancia do forte peso da concupisc\u00eancia do pecado original, da influ\u00eancia da a\u00e7\u00e3o dos&nbsp;anjos deca\u00eddos e das tend\u00eancias mundanas pecaminosas.<\/p>\n\n\n\n<p><br>A educa\u00e7\u00e3o cat\u00f3lica que j\u00e1 deve estar adiantada por volta desta idade dos sete&nbsp;anos, para que a crian\u00e7a esteja apta a come\u00e7ar a frequentar os sacramentos, \u00e9&nbsp;proporcionada principalmente pelos pais, mas tamb\u00e9m tem significativa contribui\u00e7\u00e3o do&nbsp;conv\u00edvio e forma\u00e7\u00e3o recebidos por sacerdotes, religiosos, professores, familiares e amigos.<\/p>\n\n\n\n<p><br>Portanto precisam de refer\u00eancias de quem tem reta inten\u00e7\u00e3o e busca uma vida piedosa e&nbsp;verdadeiramente cat\u00f3lica. Neste ambiente favor\u00e1vel a crian\u00e7a vai sendo ensinada,&nbsp;estimulada e amparada para exercitar a viv\u00eancia das virtudes teologais e morais que junto&nbsp;com a pr\u00e1tica espiritual da ora\u00e7\u00e3o e da frequ\u00eancia dos sacramentos, sob intercess\u00e3o e&nbsp;provid\u00eancia dos coros de anjos, dos santos, de S\u00e3o Jos\u00e9 e da Rainha dos C\u00e9us e da Terra,&nbsp;a M\u00e3e de Deus, a crian\u00e7a se torne, por Gra\u00e7a de Deus, ordenada em todo o seu ser, com o<br>seu esp\u00edrito dominando o seu intelecto, e este, dominando os impulsos da carne para&nbsp;vencer a tend\u00eancia pecaminosa.&nbsp;<\/p>\n\n\n\n<p>Vivendo desta forma, toda ordenada, a crian\u00e7a ter\u00e1&nbsp;condi\u00e7\u00f5es de chegar ao despertar da transi\u00e7\u00e3o para a fase adulta, por volta de oito a treze&nbsp;anos, para viver com tranquilidade, de forma casta e ordenada, o efeito dos novos impulsos&nbsp;e tend\u00eancias desencadeados pela a\u00e7\u00e3o dos horm\u00f4nios da puberdade e assim seguir&nbsp;desenvolvendo-se para chegar \u00e0 idade adulta vivendo em virtude e em busca do ideal de<br>todo crist\u00e3o cat\u00f3lico, a santidade, em conformidade com a Santa Igreja e correspondendo \u00e0&nbsp;Gra\u00e7a e \u00e0 vontade Divina.<\/p>\n\n\n\n<p><br>Ocorre que a sociedade como um todo e de forma especial as escolas, sofreram, ao&nbsp;longo dos \u00faltimos s\u00e9culos um grande processo de laiciza\u00e7\u00e3o, cedendo \u00e0 influ\u00eancia do&nbsp;protestantismo, do iluminismo e da revolu\u00e7\u00e3o francesa que trouxeram \u00e0 tona, junto com a&nbsp;influ\u00eancia dos ideais comunistas, o ressurgimento do paganismo.&nbsp;<\/p>\n\n\n\n<p>O ideal de um estado&nbsp;laico, ate\u00edsta, ou seja, sem Deus, vem promovendo ideais de deprava\u00e7\u00e3o moral e<br>animaliza\u00e7\u00e3o do comportamento humano adentrando de forma abrangente os diversos&nbsp;setores da sociedade, e n\u00e3o deixaram de fora o ambiente escolar.<\/p>\n\n\n\n<p><br>As crian\u00e7as, em seus est\u00e1gios mais tenros de desenvolvimento, quando deveriam ter a sua pureza duramente defendidas pelos pais com todas as suas for\u00e7as e a&nbsp;todo custo, s\u00e3o despejadas nas escolas onde ser\u00e3o presas f\u00e1ceis para uma forma\u00e7\u00e3o que&nbsp;sofre forte influ\u00eancia de ideologias ate\u00edsta, contr\u00e1rias a Deus e \u00e0 f\u00e9 cat\u00f3lica.<\/p>\n\n\n\n<p>Al\u00e9m de n\u00e3o&nbsp;receberem uma forma\u00e7\u00e3o cat\u00f3lica ainda receber\u00e3o uma educa\u00e7\u00e3o anticat\u00f3lica com<br>consequ\u00eancias desastrosas que v\u00e3o desde viver uma vida inteira de v\u00edcios e escravid\u00e3o do&nbsp;pecado, longe da Gra\u00e7a e de Deus e de toda a alegria e riqueza que \u00e9 viver uma vida&nbsp;cat\u00f3lica como Deus nos preparou; podendo chegar \u00e0 maior desgra\u00e7a poss\u00edvel que \u00e9 morrer&nbsp;afastado da Igreja e dos Sacramentos, e com isso receber a condena\u00e7\u00e3o eterna, viver a&nbsp;eternidade nos infernos, como a pr\u00f3pria Virgem Maria mostrou para os pastores nas suas&nbsp;apari\u00e7\u00f5es em F\u00e1tima, convocando a todos a rezarem sempre o Ros\u00e1rio.<\/p>\n\n\n\n<p><br>Se a princ\u00edpio possa ter ocorrido a algu\u00e9m que as palavras do Sumo Pont\u00edfice a&nbsp;respeito da proibi\u00e7\u00e3o das crian\u00e7as cat\u00f3licas de frequentarem escolas que n\u00e3o sejam&nbsp;totalmente cat\u00f3licas, sejam exageradas ou antiquadas, \u00e0 partir da reflex\u00e3o do&nbsp;desenvolvimento das crian\u00e7as at\u00e9 chegar na idade adulta, fica evidente que a educa\u00e7\u00e3o&nbsp;cat\u00f3lica \u00e9 de extrema necessidade n\u00e3o s\u00f3 aos cat\u00f3licos, mas a todas as pessoas, como de<br>fato, a carta enc\u00edclica do papa n\u00e3o se dirige apenas aos cat\u00f3licos, mas a todas as pessoas.<\/p>\n\n\n\n<p><br>Fica tamb\u00e9m compreens\u00edvel a atitude de in\u00fameras fam\u00edlias cat\u00f3licas que, diante da&nbsp;inexist\u00eancia de ambientes e escolas verdadeiramente cat\u00f3licos na sociedade, chegam ao&nbsp;ponto de retirar seus filhos das escolas para praticarem a educa\u00e7\u00e3o domiciliar e, desta&nbsp;forma, defender a pureza de seus filhos, com vista \u00e0 salva\u00e7\u00e3o de suas almas, mesmo que&nbsp;\u00e0s custas de cr\u00edticas de familiares e amigos, e do risco de den\u00fancias e penaliza\u00e7\u00f5es. Estes&nbsp;s\u00e3o os m\u00e1rtires dos dias de hoje.<\/p>\n","protected":false},"excerpt":{"rendered":"<p>Em 31 de Dezembro de 1929 o Papa Pio XI publicou a carta enc\u00edclica \u201cDivini Illius&nbsp;Magistri\u201d acerca da educa\u00e7\u00e3o crist\u00e3 da juventude. Este documento esclarece e ensina sobre&nbsp;a real necessidade e import\u00e2ncia da educa\u00e7\u00e3o cat\u00f3lica. E nele o Papa declara que&nbsp; \u201c\u00e9&nbsp;proibida aos jovens cat\u00f3licos a freq\u00fc\u00eancia de escolas acat\u00f3licas, neutras ou mistas, isto \u00e9,&nbsp;daquelas [&hellip;]<\/p>\n","protected":false},"author":9,"featured_media":0,"comment_status":"open","ping_status":"open","sticky":false,"template":"","format":"standard","meta":{"_exactmetrics_skip_tracking":false,"_exactmetrics_sitenote_active":false,"_exactmetrics_sitenote_note":"","_exactmetrics_sitenote_category":0,"footnotes":""},"categories":[1],"tags":[],"class_list":["post-407","post","type-post","status-publish","format-standard","hentry","category-geral"],"aioseo_notices":[],"_links":{"self":[{"href":"https:\/\/ibonitatis.com.br\/index.php?rest_route=\/wp\/v2\/posts\/407","targetHints":{"allow":["GET"]}}],"collection":[{"href":"https:\/\/ibonitatis.com.br\/index.php?rest_route=\/wp\/v2\/posts"}],"about":[{"href":"https:\/\/ibonitatis.com.br\/index.php?rest_route=\/wp\/v2\/types\/post"}],"author":[{"embeddable":true,"href":"https:\/\/ibonitatis.com.br\/index.php?rest_route=\/wp\/v2\/users\/9"}],"replies":[{"embeddable":true,"href":"https:\/\/ibonitatis.com.br\/index.php?rest_route=%2Fwp%2Fv2%2Fcomments&post=407"}],"version-history":[{"count":1,"href":"https:\/\/ibonitatis.com.br\/index.php?rest_route=\/wp\/v2\/posts\/407\/revisions"}],"predecessor-version":[{"id":408,"href":"https:\/\/ibonitatis.com.br\/index.php?rest_route=\/wp\/v2\/posts\/407\/revisions\/408"}],"wp:attachment":[{"href":"https:\/\/ibonitatis.com.br\/index.php?rest_route=%2Fwp%2Fv2%2Fmedia&parent=407"}],"wp:term":[{"taxonomy":"category","embeddable":true,"href":"https:\/\/ibonitatis.com.br\/index.php?rest_route=%2Fwp%2Fv2%2Fcategories&post=407"},{"taxonomy":"post_tag","embeddable":true,"href":"https:\/\/ibonitatis.com.br\/index.php?rest_route=%2Fwp%2Fv2%2Ftags&post=407"}],"curies":[{"name":"wp","href":"https:\/\/api.w.org\/{rel}","templated":true}]}}