{"id":422,"date":"2023-09-16T00:00:32","date_gmt":"2023-09-16T03:00:32","guid":{"rendered":"http:\/\/ibonitatis.local\/?p=422"},"modified":"2024-06-28T09:59:59","modified_gmt":"2024-06-28T12:59:59","slug":"na-nossa-sociedade-ecletica-ha-espaco-para-os-valores-cristaos","status":"publish","type":"post","link":"https:\/\/ibonitatis.com.br\/?p=422","title":{"rendered":"NA NOSSA SOCIEDADE ECL\u00c9TICA H\u00c1 ESPA\u00c7O PARA OS VALORES CRIST\u00c3OS?"},"content":{"rendered":"\n<p>&nbsp;A quest\u00e3o titulada se mostra bem atual, na medida em que pertencemos a uma sociedade cada vez mais avessa aos costumes de inspira\u00e7\u00e3o crist\u00e3 e paradoxalmente mais indiferente e at\u00e9 simpatizante de todas as formas de aberra\u00e7\u00f5es.<\/p>\n\n\n\n<p><br>&nbsp; &nbsp; &nbsp;A vida em sociedade decorre do princ\u00edpio de sociabilidade. Como bem dizia uma tradicional dama Paulista, \u201cviver \u00e9 estar juntos, olhar-se e querer-se bem\u201d. Ora, isso s\u00f3 \u00e9 verdadeiramente poss\u00edvel onde Jesus Cristo est\u00e1 presente na vida social. A sociedade ideal deve ter a Deus como centro, e os seus preceitos como fundamento das leis positivas.<\/p>\n\n\n\n<p><br>&nbsp; &nbsp; &nbsp;Uma sociedade sadia deve assim buscar sua orienta\u00e7\u00e3o no conjunto de princ\u00edpios crist\u00e3os aplicados \u00e0 vida social, que constitui a Doutrina Social da Igreja, a vis\u00e3o do mundo e das coisas segundo a Filosofia do Evangelho.<\/p>\n\n\n\n<p><br>&nbsp; &nbsp; &nbsp;A ordem temporal abrange a vida humana, a cultura, o ensino, as artes, as comunica\u00e7\u00f5es sociais e tudo quanto o ser humano possa produzir. Essa ordem temporal sofre as consequ\u00eancias dos males atuais e se manifesta em muitos aspectos, contr\u00e1ria \u00e0 voca\u00e7\u00e3o de santidade do homem e da mulher.<\/p>\n\n\n\n<p><br>&nbsp; &nbsp; &nbsp;Nossos filhos e filhas ficam \u00e0 merc\u00ea dessas influ\u00eancias nocivas, as fam\u00edlias sofrem as agress\u00f5es morais, ps\u00edquicas, espirituais e at\u00e9 f\u00edsicas de fatores desestruturais e da viol\u00eancia que est\u00e3o presentes ou que se instilam como v\u00edrus no tecido social, diante dos quais ficamos muitas vezes sem saber como nos defender.<\/p>\n\n\n\n<p><br>&nbsp;&nbsp; &nbsp; &nbsp; A sociedade que menospreza os valores crist\u00e3os n\u00e3o est\u00e1 apta a proteger seus cidad\u00e3os. A vida em sociedade s\u00f3 pode desenvolver bem quando pautada pelo amor \u00e0 Deus do qual decorre o amor ao pr\u00f3ximo. Esse preceito de Jesus Cristo (cf. Jo 15, 17) est\u00e1 colocado acima de qualquer norma ou valor da sociedade humana (cf. 1 Cor 13, 1-3). Sem o princ\u00edpio vital da caridade, a sociedade caminha para o caos e n\u00e3o pode estar longe do seu pr\u00f3prio fim.<\/p>\n\n\n\n<p><br>&nbsp; &nbsp; &nbsp;Uma palavra final sobre a disciplina. O amor n\u00e3o exclui a disciplina. Tem ela importante papel na sociedade temporal como instrumento da justi\u00e7a. O Catecismo da Igreja Cat\u00f3lica (CIC) ensina que a justi\u00e7a \u201cnos disp\u00f5e a respeitar os direitos de cada um e a estabelecer nas rela\u00e7\u00f5es humanas a harmonia que promove a equidade em prol das pessoas e do bem comum\u201d (cf. 1807-2095).<\/p>\n","protected":false},"excerpt":{"rendered":"<p>&nbsp;A quest\u00e3o titulada se mostra bem atual, na medida em que pertencemos a uma sociedade cada vez mais avessa aos costumes de inspira\u00e7\u00e3o crist\u00e3 e paradoxalmente mais indiferente e at\u00e9 simpatizante de todas as formas de aberra\u00e7\u00f5es. &nbsp; &nbsp; &nbsp;A vida em sociedade decorre do princ\u00edpio de sociabilidade. Como bem dizia uma tradicional dama Paulista, [&hellip;]<\/p>\n","protected":false},"author":10,"featured_media":0,"comment_status":"open","ping_status":"open","sticky":false,"template":"","format":"standard","meta":{"_exactmetrics_skip_tracking":false,"_exactmetrics_sitenote_active":false,"_exactmetrics_sitenote_note":"","_exactmetrics_sitenote_category":0,"footnotes":""},"categories":[1],"tags":[],"class_list":["post-422","post","type-post","status-publish","format-standard","hentry","category-geral"],"aioseo_notices":[],"_links":{"self":[{"href":"https:\/\/ibonitatis.com.br\/index.php?rest_route=\/wp\/v2\/posts\/422","targetHints":{"allow":["GET"]}}],"collection":[{"href":"https:\/\/ibonitatis.com.br\/index.php?rest_route=\/wp\/v2\/posts"}],"about":[{"href":"https:\/\/ibonitatis.com.br\/index.php?rest_route=\/wp\/v2\/types\/post"}],"author":[{"embeddable":true,"href":"https:\/\/ibonitatis.com.br\/index.php?rest_route=\/wp\/v2\/users\/10"}],"replies":[{"embeddable":true,"href":"https:\/\/ibonitatis.com.br\/index.php?rest_route=%2Fwp%2Fv2%2Fcomments&post=422"}],"version-history":[{"count":1,"href":"https:\/\/ibonitatis.com.br\/index.php?rest_route=\/wp\/v2\/posts\/422\/revisions"}],"predecessor-version":[{"id":423,"href":"https:\/\/ibonitatis.com.br\/index.php?rest_route=\/wp\/v2\/posts\/422\/revisions\/423"}],"wp:attachment":[{"href":"https:\/\/ibonitatis.com.br\/index.php?rest_route=%2Fwp%2Fv2%2Fmedia&parent=422"}],"wp:term":[{"taxonomy":"category","embeddable":true,"href":"https:\/\/ibonitatis.com.br\/index.php?rest_route=%2Fwp%2Fv2%2Fcategories&post=422"},{"taxonomy":"post_tag","embeddable":true,"href":"https:\/\/ibonitatis.com.br\/index.php?rest_route=%2Fwp%2Fv2%2Ftags&post=422"}],"curies":[{"name":"wp","href":"https:\/\/api.w.org\/{rel}","templated":true}]}}