{"id":434,"date":"2023-10-21T00:00:25","date_gmt":"2023-10-21T03:00:25","guid":{"rendered":"http:\/\/ibonitatis.local\/?p=434"},"modified":"2024-06-28T09:51:11","modified_gmt":"2024-06-28T12:51:11","slug":"a-moral-e-a-vida-intelectual","status":"publish","type":"post","link":"https:\/\/ibonitatis.com.br\/?p=434","title":{"rendered":"A moral e a vida intelectual"},"content":{"rendered":"\n<p>A moral pode ser entendida como aquela b\u00fassola interior que \u00e9 capaz de guiar, conduzir e ser a voz que ressoa na alma humana para que siga o caminho do Bem, da Verdade e Beleza.&nbsp;<\/p>\n\n\n\n<p>Ela est\u00e1 impressa no cora\u00e7\u00e3o do homem, como nos mostra a Sabedoria da Santa Igreja, pela lei natural, isto \u00e9, a lei moral, sendo&nbsp;universal<em>&nbsp;<\/em>nos seus preceitos e exprimindo a dignidade da pessoa.&nbsp;<\/p>\n\n\n\n<p>Diante de tamanha imundice hodierna, podemos chegar \u00e0 conclus\u00e3o de que muitas vezes essa voz que era para ressoar claramente, na verdade, est\u00e1 abafada, tornando praticamente imposs\u00edvel ouvi-la ou, ao menos, traduzi-la. Ora, se a voz que nos guia moralmente j\u00e1 n\u00e3o \u00e9 mais ouvida, os efeitos esperados por seu cumprimento n\u00e3o ocorrem, o que afeta o homem no seu ser mais \u00edntimo, suas faculdades da alma e intelecto e, \u00e9 claro, a sociedade como um todo, porquanto viver contra a lei moral \u00e9 antinatural, afinal, Santo Tom\u00e1s de Aquino nos ensina que:&nbsp;<\/p>\n\n\n\n<p>\u201cA moral pressup\u00f5e o natural\u201d.&nbsp;<\/p>\n\n\n\n<p>Entretanto, qual \u00e9 a import\u00e2ncia da moral, a influ\u00eancia do seu comprometimento, no que diz respeito \u00e0 Educa\u00e7\u00e3o? Embora primeiramente n\u00e3o pare\u00e7a, os la\u00e7os s\u00e3o muito mais estreitos do que se possa imaginar. A vida intelectual \u00e9 muito mais do que receber passivamente conte\u00fados afora, ela \u00e9 um exerc\u00edcio constante e ativo da vontade humana amparada pela pr\u00e1tica das virtudes, pois, se assim n\u00e3o o fosse, n\u00e3o aconteceria de chocar-se quando um belo trabalho intelectual \u00e9 advindo de um mau-car\u00e1ter. Pelo contr\u00e1rio, escandaliza-se porque ofende a harmonia humana. Assim, o mesmo Santo Tom\u00e1s supracitado, tamb\u00e9m um dos pilares da educa\u00e7\u00e3o cl\u00e1ssica, nos exorta dizendo:&nbsp;<\/p>\n\n\n\n<p>\u201cO exerc\u00edcio das virtudes morais, virtudes pelas quais as paix\u00f5es s\u00e3o refreadas, \u00e9 de extrema import\u00e2ncia para adquirir a ci\u00eancia\u201d. &nbsp;<\/p>\n\n\n\n<p>&nbsp;Dessa forma, preocupar-se com a vida intelectual de uma pessoa \u00e9 preocupar-se com a educa\u00e7\u00e3o verdadeira, que, por conseguinte, \u00e9 fundamentada no exerc\u00edcio das virtudes. Mesmo que a voz da consci\u00eancia moral esteja de tal forma abafada, nunca poder\u00e1 dizer-se imposs\u00edvel de resgat\u00e1-la, pois, com a pr\u00e1tica das virtudes morais, estimuladas pela vontade inflamada, h\u00e1 de se crescer intelectualmente. Estes valores, uma vez que s\u00e3o verdadeiramente resgatados, permanecer\u00e3o firmes na alma, pois como dizia S\u00e3o Jo\u00e3o Cris\u00f3stomo sobre a verdadeira educa\u00e7\u00e3o:&nbsp;<\/p>\n\n\n\n<p>\u201cSe bons preceitos forem impressos na alma enquanto ela ainda \u00e9 tenra, ningu\u00e9m poder\u00e1 destru\u00ed-los quando se firmarem, do mesmo modo que ocorre com um selo de cera\u201d.<\/p>\n","protected":false},"excerpt":{"rendered":"<p>A moral pode ser entendida como aquela b\u00fassola interior que \u00e9 capaz de guiar, conduzir e ser a voz que ressoa na alma humana para que siga o caminho do Bem, da Verdade e Beleza.&nbsp; Ela est\u00e1 impressa no cora\u00e7\u00e3o do homem, como nos mostra a Sabedoria da Santa Igreja, pela lei natural, isto \u00e9, [&hellip;]<\/p>\n","protected":false},"author":8,"featured_media":0,"comment_status":"open","ping_status":"open","sticky":false,"template":"","format":"standard","meta":{"_exactmetrics_skip_tracking":false,"_exactmetrics_sitenote_active":false,"_exactmetrics_sitenote_note":"","_exactmetrics_sitenote_category":0,"footnotes":""},"categories":[1],"tags":[],"class_list":["post-434","post","type-post","status-publish","format-standard","hentry","category-geral"],"aioseo_notices":[],"_links":{"self":[{"href":"https:\/\/ibonitatis.com.br\/index.php?rest_route=\/wp\/v2\/posts\/434","targetHints":{"allow":["GET"]}}],"collection":[{"href":"https:\/\/ibonitatis.com.br\/index.php?rest_route=\/wp\/v2\/posts"}],"about":[{"href":"https:\/\/ibonitatis.com.br\/index.php?rest_route=\/wp\/v2\/types\/post"}],"author":[{"embeddable":true,"href":"https:\/\/ibonitatis.com.br\/index.php?rest_route=\/wp\/v2\/users\/8"}],"replies":[{"embeddable":true,"href":"https:\/\/ibonitatis.com.br\/index.php?rest_route=%2Fwp%2Fv2%2Fcomments&post=434"}],"version-history":[{"count":1,"href":"https:\/\/ibonitatis.com.br\/index.php?rest_route=\/wp\/v2\/posts\/434\/revisions"}],"predecessor-version":[{"id":435,"href":"https:\/\/ibonitatis.com.br\/index.php?rest_route=\/wp\/v2\/posts\/434\/revisions\/435"}],"wp:attachment":[{"href":"https:\/\/ibonitatis.com.br\/index.php?rest_route=%2Fwp%2Fv2%2Fmedia&parent=434"}],"wp:term":[{"taxonomy":"category","embeddable":true,"href":"https:\/\/ibonitatis.com.br\/index.php?rest_route=%2Fwp%2Fv2%2Fcategories&post=434"},{"taxonomy":"post_tag","embeddable":true,"href":"https:\/\/ibonitatis.com.br\/index.php?rest_route=%2Fwp%2Fv2%2Ftags&post=434"}],"curies":[{"name":"wp","href":"https:\/\/api.w.org\/{rel}","templated":true}]}}