{"id":548,"date":"2024-06-29T12:31:50","date_gmt":"2024-06-29T15:31:50","guid":{"rendered":"https:\/\/ibonitatis.com.br\/?p=548"},"modified":"2024-06-29T17:10:08","modified_gmt":"2024-06-29T20:10:08","slug":"santo-afonso-maria-de-ligorio-e-a-importancia-da-oracao","status":"publish","type":"post","link":"https:\/\/ibonitatis.com.br\/?p=548","title":{"rendered":"Santo Afonso Maria de Lig\u00f3rio e a Import\u00e2ncia da Ora\u00e7\u00e3o"},"content":{"rendered":"\n<p>Santo Afonso Maria de Lig\u00f3rio, 1696-1787, Santo Cat\u00f3lico italiano, Doutor da Igreja e fundador dos Redentoristas, nascido em Marianella a 27 de setembro de 1696, nas proximidades de N\u00e1poles. Ficou conhecido tamb\u00e9m como \u201cDoutor da Ora\u00e7\u00e3o\u201d.<\/p>\n\n\n\n<p>Filho de pais virtuosos e de ilustre fam\u00edlia, que lhe incutiram o gosto pela ora\u00e7\u00e3o e a inimizade com o pecado, recebeu forma\u00e7\u00e3o intelectual primorosa o que aliado \u00e0 sua intelig\u00eancia brilhante o permitiu que come\u00e7asse a estudar direito antes dos 14 anos e aos 16 j\u00e1 lhe foi permitido fazer seu exame de doutorado.<\/p>\n\n\n\n<p>Ex\u00edmio profissional dedicou-se \u00e0 pr\u00e1tica da advocacia por mais de 10 anos, o que aliava a uma intensa vida interior com frequentes visitas ao Sant\u00edssimo Sacramento e a exerc\u00edcios de piedade, com particular devo\u00e7\u00e3o a Nossa Senhora. <\/p>\n\n\n\n<p>Ap\u00f3s receber o Sacramento da confirma\u00e7\u00e3o, em tardia idade para os costumes da \u00e9poca, fez o prop\u00f3sito solene de renunciar ao mundo. Sua decis\u00e3o final se deu quando ao perder uma causa importante pela qual defendia seu cliente percebeu a fragilidade da justi\u00e7a humana e o vazio das promessas do mundo, tendo proferido c\u00e9lebre dizer: \u201c\u00d3 mundo, agora te conhe\u00e7o!<br>Tribunais, n\u00e3o me vereis mais!\u201d.<\/p>\n\n\n\n<p>Passou a levar uma vida dedicada \u00e0 ora\u00e7\u00e3o e leituras piedosas al\u00e9m de suas habituais obras de caridade. Um dia estando no Hospital dos Incur\u00e1veis ouviu em seu interior as palavras: \u201cDeixa o mundo e entrega-te todo a mim\u201d. <\/p>\n\n\n\n<p>Sentindo inspira\u00e7\u00e3o para a abra\u00e7ar o sacerd\u00f3cio entrou para o semin\u00e1rio onde j\u00e1 sendo douto em tantas disciplinas dedicou-se com especial empenho aos estudos da Teologia.<\/p>\n\n\n\n<p>Ordenado Sacerdote estabeleceu para si a obriga\u00e7\u00e3o de levar uma vida dedicada \u00e0 a\u00e7\u00e3o mission\u00e1ria e \u00e0 contempla\u00e7\u00e3o, exigente quanto aos costumes, mas isento de rigorismo, cheio de confian\u00e7a no misericordioso aux\u00edlio divino, consolava os aflitos animando muitos pecadores. Uma multid\u00e3o de fi\u00e9is buscavam as suas prega\u00e7\u00f5es pois sua palavra tinha o poder de converter os pecadores mais obstinados.<\/p>\n\n\n\n<p>Uma carmelita, Maria Celeste Crostarosa, do convento de Scala, recebeu a visita do Divino Redentor, fazendo-a conhecer o h\u00e1bito e as regras a serem adotadas pela Congrega\u00e7\u00e3o que Santo Afonso fundaria: \u201cEis o homem escolhido para chefe do meu Instituto e superior geral de uma nova congrega\u00e7\u00e3o de homens que trabalhar\u00e3o para minha gl\u00f3ria\u201d. Foi ainda sagrado Bispo de Santa \u00c1gueda dos Godos em 1762.<\/p>\n\n\n\n<p>Um dos temas mais caros a Santo Afonso foi a ora\u00e7\u00e3o, mas principalmente foi um homem que orou muito, em m\u00e9dia oito horas di\u00e1rias. Ele falava da absoluta necessidade que temos de pedir a Deus a salva\u00e7\u00e3o e de como devemos fazer. \u00c9 dele a frase: \u201c\u00c9 certo que quem reza se salva, quem n\u00e3o reza se condena\u201d, sendo que dentre as in\u00fameras obras espirituais que publicou julgava ser o tema da ora\u00e7\u00e3o o mais \u00fatil, \u201cporque a ora\u00e7\u00e3o \u00e9 o meio necess\u00e1rio e certo de alcan\u00e7armos todas as gra\u00e7as necess\u00e1rias para a salva\u00e7\u00e3o\u201d.<\/p>\n\n\n\n<p>Em suas palavras sobre a ora\u00e7\u00e3o Santo Afonso esclarece que erram os pelagianos dizendo que a ora\u00e7\u00e3o n\u00e3o \u00e9 necess\u00e1ria para se conseguir a salva\u00e7\u00e3o, pois Pel\u00e1gio afirmava que s\u00f3 se perde quem n\u00e3o procura conhecer as verdades necess\u00e1rias. A Igreja condenou expressamente este erro ensinando que, sem pecar contra a f\u00e9, n\u00e3o se pode negar a necessidade da ora\u00e7\u00e3o aos adultos, quando se trata de conseguir a salva\u00e7\u00e3o.<\/p>\n\n\n\n<p>Santo Afonso argumenta que sem o socorro da gra\u00e7a, nada de bom podemos fazer, nem sequer podemos ter o desejo de fazer o bem. O homem foi formado em tal estado que s\u00f3 Deus \u00e9 toda sua for\u00e7a sendo inteiramente incapaz de, por si, efetuar a sua salva\u00e7\u00e3o, visto que Deus quis que tudo o que tem ou pode ter, receba por meio da gra\u00e7a.<\/p>\n\n\n\n<p>Explica o santo que o aux\u00edlio da gra\u00e7a, normalmente o Senhor concede s\u00f3 a quem ora, e que portanto, a ora\u00e7\u00e3o \u00e9 absolutamente necess\u00e1ria para a salva\u00e7\u00e3o. \u201c\u00c9 certo que h\u00e1 certas gra\u00e7as primeiras que s\u00e3o a base e o come\u00e7o de todas as outras gra\u00e7as e que s\u00e3o concedidas sem a nossa coopera\u00e7\u00e3o, como a voca\u00e7\u00e3o \u00e0 f\u00e9, \u00e0 penit\u00eancia; mas quanto \u00e0s outras gra\u00e7as, especialmente a gra\u00e7a da perseveran\u00e7a, n\u00e3o s\u00e3o concedidas sen\u00e3o aos que pedem\u201d.<\/p>\n\n\n\n<p>Como diz Santo Agostinho: \u201cDeus d\u00e1 algumas gra\u00e7as, como o come\u00e7o da f\u00e9, mesmo aos que n\u00e3o pedem; as outras, como a perseveran\u00e7a, reservou para os que pedem\u201d. Ensina ent\u00e3o que a ora\u00e7\u00e3o para os adultos \u00e9 necess\u00e1ria, n\u00e3o somente por ser um mandamento de Deus, como tamb\u00e9m por ser um meio necess\u00e1rio para a salva\u00e7\u00e3o.<\/p>\n\n\n\n<p>\u201cSegundo a ordem comum da Provid\u00eancia \u00e9 imposs\u00edvel que um crist\u00e3o se salve sem pedir as gra\u00e7as necess\u00e1rias para a sua salva\u00e7\u00e3o. Este aux\u00edlio Divino s\u00f3 se consegue pela ora\u00e7\u00e3o, logo, sem ora\u00e7\u00e3o, n\u00e3o h\u00e1 salva\u00e7\u00e3o. Todas as gra\u00e7as que o Senhor determinou conceder-nos, n\u00e3o as quer conceder a n\u00e3o ser por meio da ora\u00e7\u00e3o\u201d. Cita ainda S\u00e3o Greg\u00f3rio: \u201cPela ora\u00e7\u00e3o, merecem os homens receber o que Deus desde a eternidade, determinou conceder-lhes\u201d, e S\u00e3o Tom\u00e1s: \u201cA ora\u00e7\u00e3o \u00e9 necess\u00e1ria n\u00e3o para que Deus conhe\u00e7a as nossas necessidades, mas para que n\u00f3s fiquemos conhecendo a necessidade que temos de recorrer a Deus, para recebermos oportunamente os socorros da salva\u00e7\u00e3o. Assim, reconhecemos Deus como \u00fanico Autor de todos os bens a fim de que n\u00f3s conhe\u00e7amos que necessitamos de recorrer ao aux\u00edlio divino e reconhe\u00e7amos que ele \u00e9 o Autor dos nossos bens\u201d.<\/p>\n\n\n\n<p>Pe\u00e7amos a Santo Afonso Maria de Lig\u00f3rio a gra\u00e7a da ora\u00e7\u00e3o perseverante para que possamos nos manter em constante s\u00faplica a Nosso Senhor para recebermos a grande d\u00e1diva da Salva\u00e7\u00e3o que Ele nos reserva.<\/p>\n\n\n\n<p><br>Refer\u00eancias:<\/p>\n\n\n\n<ul class=\"wp-block-list\">\n<li>A Ora\u00e7\u00e3o: O grande meio para alcan\u00e7armos de Deus a salva\u00e7\u00e3o e todas as gra\u00e7as que<br>desejamos \/ Afonso Maria de Lig\u00f3rio; traduzido do original pelo Pe. Henrique Barros \u2014 4\u00aa<br>ed. \u2014 Aparecida, SP; Editora Santu\u00e1rio, 1992.<\/li>\n\n\n\n<li>Trechos escolhidos de Irm\u00e3 Juliane Vasconcelos Almeida Campos, EP; Revista Arautos do<br>Evangelho, Agosto\/2012, n. 128, p. 32 \u00e0 35<\/li>\n<\/ul>\n","protected":false},"excerpt":{"rendered":"<p>Santo Afonso Maria de Lig\u00f3rio, 1696-1787, Santo Cat\u00f3lico italiano, Doutor da Igreja e fundador dos Redentoristas, nascido em Marianella a 27 de setembro de 1696, nas proximidades de N\u00e1poles. Ficou conhecido tamb\u00e9m como \u201cDoutor da Ora\u00e7\u00e3o\u201d. Filho de pais virtuosos e de ilustre fam\u00edlia, que lhe incutiram o gosto pela ora\u00e7\u00e3o e a inimizade com [&hellip;]<\/p>\n","protected":false},"author":9,"featured_media":581,"comment_status":"open","ping_status":"open","sticky":false,"template":"","format":"standard","meta":{"_exactmetrics_skip_tracking":false,"_exactmetrics_sitenote_active":false,"_exactmetrics_sitenote_note":"","_exactmetrics_sitenote_category":0,"footnotes":""},"categories":[1],"tags":[20,19,18],"class_list":["post-548","post","type-post","status-publish","format-standard","has-post-thumbnail","hentry","category-geral","tag-espiritualidade","tag-oracao","tag-santo"],"aioseo_notices":[],"_links":{"self":[{"href":"https:\/\/ibonitatis.com.br\/index.php?rest_route=\/wp\/v2\/posts\/548","targetHints":{"allow":["GET"]}}],"collection":[{"href":"https:\/\/ibonitatis.com.br\/index.php?rest_route=\/wp\/v2\/posts"}],"about":[{"href":"https:\/\/ibonitatis.com.br\/index.php?rest_route=\/wp\/v2\/types\/post"}],"author":[{"embeddable":true,"href":"https:\/\/ibonitatis.com.br\/index.php?rest_route=\/wp\/v2\/users\/9"}],"replies":[{"embeddable":true,"href":"https:\/\/ibonitatis.com.br\/index.php?rest_route=%2Fwp%2Fv2%2Fcomments&post=548"}],"version-history":[{"count":6,"href":"https:\/\/ibonitatis.com.br\/index.php?rest_route=\/wp\/v2\/posts\/548\/revisions"}],"predecessor-version":[{"id":628,"href":"https:\/\/ibonitatis.com.br\/index.php?rest_route=\/wp\/v2\/posts\/548\/revisions\/628"}],"wp:featuredmedia":[{"embeddable":true,"href":"https:\/\/ibonitatis.com.br\/index.php?rest_route=\/wp\/v2\/media\/581"}],"wp:attachment":[{"href":"https:\/\/ibonitatis.com.br\/index.php?rest_route=%2Fwp%2Fv2%2Fmedia&parent=548"}],"wp:term":[{"taxonomy":"category","embeddable":true,"href":"https:\/\/ibonitatis.com.br\/index.php?rest_route=%2Fwp%2Fv2%2Fcategories&post=548"},{"taxonomy":"post_tag","embeddable":true,"href":"https:\/\/ibonitatis.com.br\/index.php?rest_route=%2Fwp%2Fv2%2Ftags&post=548"}],"curies":[{"name":"wp","href":"https:\/\/api.w.org\/{rel}","templated":true}]}}