{"id":700,"date":"2024-07-12T20:29:06","date_gmt":"2024-07-12T23:29:06","guid":{"rendered":"https:\/\/ibonitatis.com.br\/?p=700"},"modified":"2024-07-12T20:56:51","modified_gmt":"2024-07-12T23:56:51","slug":"insensibilidade-humana-e-apatia-armas-da-revolucao-para-uma-sociedade-sem-deus-e-doente","status":"publish","type":"post","link":"https:\/\/ibonitatis.com.br\/?p=700","title":{"rendered":"Insensibilidade humana e apatia, armas da revolu\u00e7\u00e3o para uma sociedade sem Deus e doente"},"content":{"rendered":"\n<p>Estamos presenciando na sociedade a discuss\u00e3o sobre a utiliza\u00e7\u00e3o da IA (Intelig\u00eancia Artificial).<\/p>\n\n\n\n<p>Como o nome j\u00e1 diz artificial, que envolve artificio, que foi manipulado ou mudado por algu\u00e9m.<\/p>\n\n\n\n<p>Ser\u00e1 que poder\u00edamos imaginar nossos antepassados e mesmo os santos que admiramos e veneramos diante desta realidade? Na&nbsp; verdade, precisamos recorrer a esse cen\u00e1rio e suplicar a intercess\u00e3o dos santos.<\/p>\n\n\n\n<p>Afinal de contas, para que precisamos de uma intelig\u00eancia artificial se Deus nos deu a natural, a sua imagem e semelhan\u00e7a?<\/p>\n\n\n\n<p>Se estudamos \u00e9 para nosso pr\u00f3prio bem e desenvolvimento, se trabalhamos nos tornamos merecedores do nosso sal\u00e1rio&nbsp; e da gra\u00e7a de Deus.<\/p>\n\n\n\n<p>Ent\u00e3o, para que precisamos de uma IA? Sabemos que a&nbsp; IA poder\u00e1&nbsp; auxiliar na sa\u00fade, nas cirurgias, nas pesquisas, etc. N\u00e3o nos refer\u00edamos aqui a esse tipo de recurso, mas sim, aquele que \u00e9 intencionalmente indicado a tirar os homens da sua trajet\u00f3ria natural com Deus. Retomando a pergunta acima &nbsp;\u00e9 simples, o contato descontrolado e irrespons\u00e1vel com IA nos conduzir\u00e1 mais rapidamente a insensibilidade humana e alimentar\u00e1 apatia j\u00e1 t\u00e3o crescente em nosso meio.<\/p>\n\n\n\n<p>Temos notado um crescente avan\u00e7o na falta do bom trato entre as pessoas. Normalmente as pessoas n\u00e3o se cumprimentam mais, principalmente jovens e crian\u00e7as, e quando nos cumprimentam for\u00e7adamente fica bem artificial. Notamos a falta de sensibilidade nestes cen\u00e1rios diariamente. Lembramos que nossas fam\u00edlias muitas vezes est\u00e3o juntas, mas afastadas de cora\u00e7\u00e3o, e assim cresce a apatia e a insensibilidade. As m\u00e3es e pais parecem empregados dos filhos correndo para cima e para baixo, as mulheres embrutecidas pelo dinheiro deixando de lado a sabedoria feminina e os homens se tornando cada dia mais fracos indecisos e insens\u00edveis.<\/p>\n\n\n\n<p>\u00a0Os filhos\u00a0e os jovens precisam urgentemente ter adultos que se responsabilizem a passar para eles essa forma de lutar, pois com cobran\u00e7as exageradas, sem carinho, sem conviv\u00eancia real,\u00a0 o \u201dArtificial\u201d encontrar\u00e1 lugar para habitar no cora\u00e7\u00e3o destes jovens e trar\u00e1 mais \u201dsete\u201d junto a ele.<\/p>\n\n\n\n<p>Nada \u00e9 por acaso,\u00a0 chegamos a esse ponto\u00a0como um cego guiado, no entanto quem est\u00e1 guiando sabe muito bem para onde deseja nos levar. E para onde \u00e9? Para o vazio, sem Deus, sem f\u00e9 na humanidade, na sensibilidade, na caridade. Aqui j\u00e1 nos falaram os profetas.<\/p>\n\n\n\n<p>Contra esse projeto precisamos retomar as r\u00e9deas da fam\u00edlia, como faziam os santos, na ora\u00e7\u00e3o, na bondade, na gentileza, na caridade fraterna, no conv\u00edvio despretensioso, no sorriso caloroso, no olhar gentil e compassivo. A IA n\u00e3o poder\u00e1 dar o que n\u00e3o tem, a alma criada por Deus.<\/p>\n\n\n\n<p>Nada de artificial poder\u00e1 tirar o lugar de nosso Deus Real, Nosso Senhor Jesus Cristo, amor maior de nossa vida que por n\u00f3s morreu na cruz e se d\u00e1 diariamente na Eucaristia. O Lugar Dele \u00e9 o nosso cora\u00e7\u00e3o e o nosso lugar real \u00e9 o Seu Sagrado Cora\u00e7\u00e3o.<\/p>\n","protected":false},"excerpt":{"rendered":"<p>Estamos presenciando na sociedade a discuss\u00e3o sobre a utiliza\u00e7\u00e3o da IA (Intelig\u00eancia Artificial). Como o nome j\u00e1 diz artificial, que envolve artificio, que foi manipulado ou mudado por algu\u00e9m. Ser\u00e1 que poder\u00edamos imaginar nossos antepassados e mesmo os santos que admiramos e veneramos diante desta realidade? Na&nbsp; verdade, precisamos recorrer a esse cen\u00e1rio e suplicar [&hellip;]<\/p>\n","protected":false},"author":3,"featured_media":702,"comment_status":"open","ping_status":"open","sticky":false,"template":"","format":"standard","meta":{"_exactmetrics_skip_tracking":false,"_exactmetrics_sitenote_active":false,"_exactmetrics_sitenote_note":"","_exactmetrics_sitenote_category":0,"footnotes":""},"categories":[1],"tags":[41,39,40,37,38],"class_list":["post-700","post","type-post","status-publish","format-standard","has-post-thumbnail","hentry","category-geral","tag-apatia","tag-familia","tag-insensibilidade","tag-inteligencia-artificial","tag-internet"],"aioseo_notices":[],"_links":{"self":[{"href":"https:\/\/ibonitatis.com.br\/index.php?rest_route=\/wp\/v2\/posts\/700","targetHints":{"allow":["GET"]}}],"collection":[{"href":"https:\/\/ibonitatis.com.br\/index.php?rest_route=\/wp\/v2\/posts"}],"about":[{"href":"https:\/\/ibonitatis.com.br\/index.php?rest_route=\/wp\/v2\/types\/post"}],"author":[{"embeddable":true,"href":"https:\/\/ibonitatis.com.br\/index.php?rest_route=\/wp\/v2\/users\/3"}],"replies":[{"embeddable":true,"href":"https:\/\/ibonitatis.com.br\/index.php?rest_route=%2Fwp%2Fv2%2Fcomments&post=700"}],"version-history":[{"count":2,"href":"https:\/\/ibonitatis.com.br\/index.php?rest_route=\/wp\/v2\/posts\/700\/revisions"}],"predecessor-version":[{"id":703,"href":"https:\/\/ibonitatis.com.br\/index.php?rest_route=\/wp\/v2\/posts\/700\/revisions\/703"}],"wp:featuredmedia":[{"embeddable":true,"href":"https:\/\/ibonitatis.com.br\/index.php?rest_route=\/wp\/v2\/media\/702"}],"wp:attachment":[{"href":"https:\/\/ibonitatis.com.br\/index.php?rest_route=%2Fwp%2Fv2%2Fmedia&parent=700"}],"wp:term":[{"taxonomy":"category","embeddable":true,"href":"https:\/\/ibonitatis.com.br\/index.php?rest_route=%2Fwp%2Fv2%2Fcategories&post=700"},{"taxonomy":"post_tag","embeddable":true,"href":"https:\/\/ibonitatis.com.br\/index.php?rest_route=%2Fwp%2Fv2%2Ftags&post=700"}],"curies":[{"name":"wp","href":"https:\/\/api.w.org\/{rel}","templated":true}]}}