{"id":742,"date":"2024-08-16T22:35:24","date_gmt":"2024-08-17T01:35:24","guid":{"rendered":"https:\/\/ibonitatis.com.br\/?p=742"},"modified":"2024-08-16T22:35:25","modified_gmt":"2024-08-17T01:35:25","slug":"epoca-vermelha-epoca-de-ouro-epoca-de-hoje","status":"publish","type":"post","link":"https:\/\/ibonitatis.com.br\/?p=742","title":{"rendered":"\u00c9poca vermelha, \u00e9poca de ouro, \u00e9poca de hoje"},"content":{"rendered":"\n<p>Ao longo do tempo, percebe-se incrustado na hist\u00f3ria o sangue dos m\u00e1rtires, sobretudo quando se fala a respeito dos primeiros s\u00e9culos da Igreja. Ah, <strong>\u00e9poca vermelha, \u00e9poca de ouro<\/strong>. Os santos dessa \u00e9poca de fato iluminam a hist\u00f3ria de nossa Igreja com o seu sangue inteiramente derramado por Nosso Senhor na Cruz, tal como Ele nos prop\u00f4s em \u201cSe algu\u00e9m quer vir ap\u00f3s mim, renegue-se a si mesmo, tome cada dia a sua cruz e siga-me\u201d (S\u00e3o Lucas 9, 23). Ah, nesta \u00e9poca tivemos Santa In\u00eas, Santa Cec\u00edlia, Santo In\u00e1cio de Antioquia, S\u00e3o Sebasti\u00e3o e tantos outros que, independentemente das tenebrosas circunst\u00e2ncias, da idade e de tantos outros fatores que tentam o natural instinto de sobreviv\u00eancia, diziam &#8220;pr\u00e6sto sum&#8221; com suas vidas e adentraram no Coliseu. Ah&#8230;Coliseu. <strong>\u00c9poca vermelha, \u00e9poca de ouro<\/strong>.<\/p>\n\n\n\n<p>Enfim, ao ler as hist\u00f3rias destes grandes Santos, que enfrentavam tudo por Nosso Senhor Jesus Cristo, ao respirar a coragem de cada um deles inspirada pela gra\u00e7a, ao imaginar-se na pele de cada um deles entrando no Coliseu, entendemos a frase de Tertuliano \u201cO sangue dos m\u00e1rtires \u00e9 a semente dos crist\u00e3os\u201d e agradecemos a Deus por nossa hist\u00f3ria paradoxalmente <em>t\u00e3o vermelha e t\u00e3o reluzente<\/em>.<\/p>\n\n\n\n<p>No entanto, ser\u00e1 que acabou? Ser\u00e1 que nunca mais passaremos por situa\u00e7\u00f5es como essas: situa\u00e7\u00f5es em que nossas escolhas ser\u00e3o pautadas em nossos sinceros &#8220;sim&#8221; e &#8220;n\u00e3o&#8221; pela vida da Igreja? Ser\u00e1 que s\u00f3 \u00e9 poss\u00edvel ser santo ou um grande m\u00e1rtir na \u00e9poca do Coliseu?<\/p>\n\n\n\n<p>Imaginem um estudante seriamente cat\u00f3lico, que, inclusive, fez a consagra\u00e7\u00e3o total de si mesmo a Jesus Cristo pelas m\u00e3os de Maria Sant\u00edssima. Este mesmo estudante precisa adentrar, pelas circunst\u00e2ncias de seu estado, pela universidade nos dias de hoje. O que ser\u00e1 que ele passa? \u00c0queles que leem, pergunto: j\u00e1 passaram por uma situa\u00e7\u00e3o como essa? Conhecem algu\u00e9m que se encontrou ou se encontra em uma situa\u00e7\u00e3o como esta? Esbo\u00e7o um pouco como acontece: este jovem precisa enfrentar o respeito humano, o esc\u00e1rnio, a chacota, a exclus\u00e3o por &#8230;vestir roupas descentes, estudar seriamente, n\u00e3o ceder \u00e0s blasf\u00eamias e palavr\u00f5es, e, a maior \u201cloucura\u201d de todas, por n\u00e3o aprovar o aborto. At\u00e9 ent\u00e3o, parece que, para passar por tudo isso, faz-se necess\u00e1rio come\u00e7ar uma guerra sem\u00e2ntica com os outros jovens, mas n\u00e3o: basta que aquele jovem cat\u00f3lico entre em sua sala vestido com dignidade, com um ar de seriedade e bondade, com organiza\u00e7\u00e3o e compenetra\u00e7\u00e3o que a\u00ed est\u00e1 a guerra instaurada. Os esp\u00edritos que se deparam com essa cena incomodam-se com apenas a presen\u00e7a de uma alma assim.<\/p>\n\n\n\n<p>\u00a0Ademais, um professor que ali entra, e desafia sua vida estudantil atrav\u00e9s de uma baixa condi\u00e7\u00e3o, coloca \u00e0 prova a alma do jovem cat\u00f3lico: \u201cQuer passar em minha disciplina? Ent\u00e3o seja a favor do aborto! \u201d ou ainda \u201cSaia j\u00e1 de minha sala, pois seu esp\u00edrito cat\u00f3lico n\u00e3o \u00e9 bem-vindo aqui!\u201d. Ah, \u00e9poca vermelha e&#8230; por que n\u00e3o considerada \u201c\u00e9poca de ouro\u201d? A santidade ficou restrita \u00e0queles primeiros (e gloriosos) s\u00e9culos? Deve-se, pois, esperar que aquele tempo \u201cretorne\u201d para que se busque a santidade? Loucura! A cada \u201csaia de minha sala pelo teu esp\u00edrito cat\u00f3lico\u201d ou \u201caprove o aborto comigo\u201d, v\u00ea-se como que um golpe desferido na alma do jovem que escolheu viver o Evangelho e sua total consagra\u00e7\u00e3o a Nossa Senhora. No entanto&#8230;este golpe \u00e9 para ele causa de tanta alegria! Alegria? Sim, ele se alegra em saber que, ainda que a propor\u00e7\u00e3o f\u00edsica n\u00e3o seja a mesma, os motivos pelos quais ele sofreu foram os mesmos dos primeiros m\u00e1rtires: Nosso Senhor Jesus Cristo e sua Igreja. N\u00e3o deixemos para os s\u00e9culos vindouros a santidade que nos \u00e9 pedida hoje, jovens. O Coliseu (talvez) n\u00e3o voltar\u00e1 mais, mas ele se manifesta em outras circunst\u00e2ncias e as universidades hodiernas s\u00e3o exemplos de sua continua\u00e7\u00e3o. O mart\u00edrio n\u00e3o est\u00e1 s\u00f3 no Coliseu, mas em uma sala de \u201caula\u201d acad\u00eamica. Pelo seu estado e sua circunst\u00e2ncia \u00e9 preciso por este lugar passar? Ent\u00e3o, &#8220;pr\u00e6sto sum\u201d, tal como Santa In\u00eas, Santa Cec\u00edlia, Santo In\u00e1cio e S\u00e3o Sebasti\u00e3o. \u00a0<strong>Ah, \u00e9poca vermelha, \u00e9poca de ouro, \u00e9poca de hoje<\/strong>.<\/p>\n","protected":false},"excerpt":{"rendered":"<p>Ao longo do tempo, percebe-se incrustado na hist\u00f3ria o sangue dos m\u00e1rtires, sobretudo quando se fala a respeito dos primeiros s\u00e9culos da Igreja. Ah, \u00e9poca vermelha, \u00e9poca de ouro. Os santos dessa \u00e9poca de fato iluminam a hist\u00f3ria de nossa Igreja com o seu sangue inteiramente derramado por Nosso Senhor na Cruz, tal como Ele [&hellip;]<\/p>\n","protected":false},"author":8,"featured_media":743,"comment_status":"open","ping_status":"open","sticky":false,"template":"","format":"standard","meta":{"_exactmetrics_skip_tracking":false,"_exactmetrics_sitenote_active":false,"_exactmetrics_sitenote_note":"","_exactmetrics_sitenote_category":0,"footnotes":""},"categories":[1],"tags":[25,60,62,63,59,61],"class_list":["post-742","post","type-post","status-publish","format-standard","has-post-thumbnail","hentry","category-geral","tag-catolico","tag-coliseu","tag-epoca","tag-igreja","tag-martirio","tag-santos"],"aioseo_notices":[],"_links":{"self":[{"href":"https:\/\/ibonitatis.com.br\/index.php?rest_route=\/wp\/v2\/posts\/742","targetHints":{"allow":["GET"]}}],"collection":[{"href":"https:\/\/ibonitatis.com.br\/index.php?rest_route=\/wp\/v2\/posts"}],"about":[{"href":"https:\/\/ibonitatis.com.br\/index.php?rest_route=\/wp\/v2\/types\/post"}],"author":[{"embeddable":true,"href":"https:\/\/ibonitatis.com.br\/index.php?rest_route=\/wp\/v2\/users\/8"}],"replies":[{"embeddable":true,"href":"https:\/\/ibonitatis.com.br\/index.php?rest_route=%2Fwp%2Fv2%2Fcomments&post=742"}],"version-history":[{"count":2,"href":"https:\/\/ibonitatis.com.br\/index.php?rest_route=\/wp\/v2\/posts\/742\/revisions"}],"predecessor-version":[{"id":761,"href":"https:\/\/ibonitatis.com.br\/index.php?rest_route=\/wp\/v2\/posts\/742\/revisions\/761"}],"wp:featuredmedia":[{"embeddable":true,"href":"https:\/\/ibonitatis.com.br\/index.php?rest_route=\/wp\/v2\/media\/743"}],"wp:attachment":[{"href":"https:\/\/ibonitatis.com.br\/index.php?rest_route=%2Fwp%2Fv2%2Fmedia&parent=742"}],"wp:term":[{"taxonomy":"category","embeddable":true,"href":"https:\/\/ibonitatis.com.br\/index.php?rest_route=%2Fwp%2Fv2%2Fcategories&post=742"},{"taxonomy":"post_tag","embeddable":true,"href":"https:\/\/ibonitatis.com.br\/index.php?rest_route=%2Fwp%2Fv2%2Ftags&post=742"}],"curies":[{"name":"wp","href":"https:\/\/api.w.org\/{rel}","templated":true}]}}