{"id":787,"date":"2024-09-07T10:01:09","date_gmt":"2024-09-07T13:01:09","guid":{"rendered":"https:\/\/ibonitatis.com.br\/?p=787"},"modified":"2024-09-07T10:14:19","modified_gmt":"2024-09-07T13:14:19","slug":"memoria-via-de-transcendencia","status":"publish","type":"post","link":"https:\/\/ibonitatis.com.br\/?p=787","title":{"rendered":"Mem\u00f3ria: via de transcend\u00eancia"},"content":{"rendered":"\n<p>O ser humano \u00e9 moldado pelo que recebe e busca, \u00e9 formado pelas influ\u00eancias que captam seus sentidos, \u00e9 reflexo do que absorve e consequentemente destina-se a trilhar algum caminho. Seu pensar, seu inteligir da alma, \u00e9 um ato particular existente num determinado tempo, seja no ontem, no amanh\u00e3 ou no agora e cada acontecimento, bom ou ruim, se instala em sua mem\u00f3ria.<br>A mem\u00f3ria diz respeito \u00e0s lembran\u00e7as que permanecem na parte sensitiva da alma\u00b9, \u00e9 concebida como um processo ativo e abrangente, associado \u00e0 emo\u00e7\u00e3o e \u00e0 imagina\u00e7\u00e3o e n\u00e3o apenas rememora, mas organiza as experi\u00eancias e conceitos em um esquema norteado por lugares e percursos.<br>Em Confiss\u00f5es\u00b2, Santo Agostinho diz que \u201c(\u2026) a mem\u00f3ria tamb\u00e9m \u00e9 esp\u00edrito\u201d, sendo assim, \u00e9 nela que encontramos e extra\u00edmos o desejo, a alegria, o medo e a tristeza. Neste sentido, pense: j\u00e1 percebeu seus olhos marejados ao recordar o nascimento de um filho, a perda de um ente querido, a sua hist\u00f3ria de convers\u00e3o, a liberta\u00e7\u00e3o de um v\u00edcio? J\u00e1 experimentou certa nostalgia ao rever as fotografias da inf\u00e2ncia ou entusiasmo ao analisar suas conquistas e acontecimentos do cotidiano da vida? A mem\u00f3ria \u00e9 assim: erige o tempo, ilumina o homem por inteiro!<\/p>\n\n\n\n<p>Admito que com certa frequ\u00eancia visito a minha mem\u00f3ria e o destino de hoje ser\u00e1 Caieiras. Meses atr\u00e1s estive na Serra da Cantareira, passei por estradas cheias de curvas, enfrentei percurso longo, mas foi trilhado com muita ora\u00e7\u00e3o, paz e expectativa repleta de sentido. Ao avistar o port\u00e3o de entrada do local da visita, alguns sinais eram familiares, permaneci em suspense. Ap\u00f3s abertura, vejo um homem bem trajado, zeloso com a seguran\u00e7a e as regras durante acolhida, tamb\u00e9m observo as pedras, as flores e uma via de acesso para outros caminhos. Durante a subida, vi mais flores, \u00e1rvores frondosas e o primeiro toque da gra\u00e7a me encontra, dizendo: \u201cgrandes s\u00e3o as obras do Senhor, dignas de admira\u00e7\u00e3o de todos os que as amam (Sl 110, 2). Ah! Quanto carinho de Deus provei ao perceber que tudo era real, ainda mais belo, potente, com uma forte atmosfera sobrenatural!<br>No meio do caminho rumo ao p\u00e1tio principal, me encontrei com o Imaculado Cora\u00e7\u00e3o de Maria. Quanta ternura! Ela estava em frente a uma constru\u00e7\u00e3o magn\u00edfica, no centro, cercada por um jardim bel\u00edssimo. Ao chegar no p\u00e1tio, as palavras pareciam insuficientes, nunca vi nada igual, tudo era convite \u00e0 contempla\u00e7\u00e3o. Um homem consagrado se aproximou e outro toque da gra\u00e7a veio ao cora\u00e7\u00e3o: \u201cmemor\u00e1veis s\u00e3o as suas obras maravilhosas\u201d (Sl 110, 4) e logo pensei: \u201cO que est\u00e1 por vir?\u201d<br>Aquele homem parecia envolto de luzes, transbordava alegria, entusiasmo, considerei como fruto do carisma. Foi sol\u00edcito, falava como um ex\u00edmio disc\u00edpulo, apresentou a hist\u00f3ria da funda\u00e7\u00e3o e compartilhou testemunhos. O vers\u00edculo quatro come\u00e7ou a fazer sentido: \u201cmemor\u00e1veis\u201d, eis que tudo o que ele dizia de fato era inescurec\u00edvel.<\/p>\n\n\n\n<p>Dentro da Bas\u00edlica Nossa Senhora do Ros\u00e1rio, outro toque da gra\u00e7a me visitou: \u201co amor tende \u00e0 Beleza\u201d. A igreja era toda policromada, apresentava cores fortes, absolutamente nada era desfigurado e tudo tinha ess\u00eancia, vida! Durante alguns minutos refleti sobre a capacidade da alma humana, sua coopera\u00e7\u00e3o com o Criador quando \u00e9 d\u00f3cil, am\u00e1vel, pac\u00edfica e me perguntei o que havia na mem\u00f3ria do fundador que o fez projetar na alma cuidadosamente aquela maravilha.<br>No teto contemplei in\u00fameras estrelas, era um chamado a olhar sempre para o Alto, ali ficar e conviver com Deus. Nas paredes tinham estampas da chama do Esp\u00edrito Santo, um convite para recordar nosso constante pedido ao Esp\u00edrito Santo: \u201cpelas m\u00e3os da Virgem Maria, dai-nos a plenitude dos Seus dons\u201d. Nos pilares, o s\u00edmbolo dos reis da Fran\u00e7a, a flor de lis, que para n\u00f3s \u00e9 s\u00edmbolo da f\u00e9, esperan\u00e7a e caridade.<\/p>\n\n\n\n<p>Ainda com olhos fixos ao alto, antes de chegar no Altar, vejo um bel\u00edssimo crucifixo de Nosso Senhor Jesus Cristo. O toque da gra\u00e7a surgiu como uma flecha e mais vers\u00edculo ecoou: \u201cDele, por Ele e para Ele s\u00e3o todas as coisas.\u201d (Romanos 11, 36). Realmente s\u00f3 assim tudo fazia sentido. Nas paredes<br>laterais, vi imagens de anjos, afrescos, Nossa Senhora do Bom Rem\u00e9dio, S\u00e3o Tom\u00e1s de Aquino, todas pintadas por Fra Ang\u00e9lico. No Altar, vi rel\u00edquias dos santos, fragmentos vis\u00edveis que constitu\u00edram pessoas que hoje se encontram no C\u00e9u. Arcos, coro alto, vitrais, mosaicos, sacristia, capelas, torres que apontam para Deus, c\u00e2nticos, sincera benqueren\u00e7a, realidades vis\u00edveis e ao mesmo tempo sobrenaturais. Ainda hoje n\u00e3o consigo mensurar tamanho bem!<br>Fora da bas\u00edlica, no outro pr\u00e9dio, mais uma vez fui convidada a olhar para o alto e ainda no primeiro andar o toque da gra\u00e7a me dizia: \u201cVeja, se essa constru\u00e7\u00e3o \u00e9 t\u00e3o bela, imagine como ser\u00e1 o Triunfo de Maria!\u201d<br>Durante a subida pelas escadas, fui impactada com a beleza dos tetos, mas n\u00e3o sei descrever o que minha alma experimentou quando entrei nas salas, em especial, onde estava Nossa Senhora do Bom Sucesso. Face ador\u00e1vel, dela e do Menino Jesus, e assim como diz o salmista estava toda adornada \u201c(\u2026) com veste esplendente de ouro de Ofir\u201d. Inegavelmente Ela estava ali, com discri\u00e7\u00e3o mantinha o contato, acolheu minhas preces e depositou junto a Jesus na Santa Missa, momento mais sublime e sagrado. No final da visita constatei que fiz um retiro espiritual e a Virgem Maria esteve ao meu lado o tempo todo. Realmente Ela \u201c\u00e9 a escada celeste pela qual Deus desceu \u00e0 terra e os homens sobem a Deus\u201d, como diz S\u00e3o Fulg\u00eancio.<\/p>\n\n\n\n<p>Descrever o que minha mem\u00f3ria conserva me faz voltar ao retiro, restitui o meu chamado \u00e0 santidade e me devolve ao que realmente importa. No mundo atual h\u00e1 um constante apelo para viver o presente de maneira fugaz, sem o sil\u00eancio nem pausa. Fa\u00e7amos retiro! Pense no que viveu com Deus at\u00e9 agora, rememore, resgate as experi\u00eancias com Ele que se perderam pelo caminho. Louve pelas maravilhas em sua hist\u00f3ria e prossiga nesse cultivo: \u201c\u2026tudo o que \u00e9 verdadeiro, tudo o que \u00e9 nobre, tudo o que \u00e9 justo, tudo o que \u00e9 puro, tudo o que \u00e9 am\u00e1vel, tudo o que \u00e9 de boa fama, tudo o que \u00e9 virtuoso e louv\u00e1vel, eis o que deve ocupar vossos pensamentos.\u201d (Fl 4, 8).<br>Sejamos memor\u00e1veis, sedentos de alma, pois \u201cquanto mais profundamente uma coisa nos gravar na alma, tanto menos dela se apagar\u00e1\u201d\u00b9. Que a Rainha Assunta ao Ce\u00fa nos ajude, nos ensine a guardar tudo o que transcende na mem\u00f3ria.<\/p>\n\n\n\n<p>Por amor ao passado, eu queria mais!\u00b3<br>Entrando em choque com a Revolu\u00e7\u00e3o, minha alma sentiu em si uma s\u00e9rie de desejos que nem mesmo o passado satisfazia.<br>Por amor ao passado eu queria mais do que ele.<br>Entre o que eu queria e o passado no estado em que ele estava golpeado de morte, havia uma defasagem.<br>Eu tomei tudo quanto do passado amo e perguntei:<br>Nesta linha, minha alma diz \u201csufficit\u201d (basta)?<br>N\u00e3o! Minha alma diz: \u201cQuero mais!\u201d<br>(Plinio Corr\u00eaa de Oliveira, 25\/5\/88)<\/p>\n\n\n\n<p><br>\u00b9AQUINO, Santo Tomas. Suma Teol\u00f3gica. Parte II. Quest\u00e3o 49, art 1.<br>\u00b2Agostinho, Santo, Confiss\u00f5es, X, 14, 21-22; p. 280-282, Paulus.<br>\u00b3OLIVEIRA, Plinio Corr\u00eaa. Publica\u00e7\u00e3o dispon\u00edvel em: <a href=\"https:\/\/www.pliniocorreadeoliveira.com.br\/dr-plinio-e-historia\/\">https:\/\/www.pliniocorreadeoliveira.com.br\/dr-plinio-e-historia\/<\/a>. Acesso em 19 ago. 2024.<\/p>\n","protected":false},"excerpt":{"rendered":"<p>O ser humano \u00e9 moldado pelo que recebe e busca, \u00e9 formado pelas influ\u00eancias que captam seus sentidos, \u00e9 reflexo do que absorve e consequentemente destina-se a trilhar algum caminho. Seu pensar, seu inteligir da alma, \u00e9 um ato particular existente num determinado tempo, seja no ontem, no amanh\u00e3 ou no agora e cada acontecimento, [&hellip;]<\/p>\n","protected":false},"author":12,"featured_media":790,"comment_status":"open","ping_status":"open","sticky":false,"template":"","format":"standard","meta":{"_exactmetrics_skip_tracking":false,"_exactmetrics_sitenote_active":false,"_exactmetrics_sitenote_note":"","_exactmetrics_sitenote_category":0,"footnotes":""},"categories":[1],"tags":[74,75],"class_list":["post-787","post","type-post","status-publish","format-standard","has-post-thumbnail","hentry","category-geral","tag-memoria-2","tag-transcendencia"],"aioseo_notices":[],"_links":{"self":[{"href":"https:\/\/ibonitatis.com.br\/index.php?rest_route=\/wp\/v2\/posts\/787","targetHints":{"allow":["GET"]}}],"collection":[{"href":"https:\/\/ibonitatis.com.br\/index.php?rest_route=\/wp\/v2\/posts"}],"about":[{"href":"https:\/\/ibonitatis.com.br\/index.php?rest_route=\/wp\/v2\/types\/post"}],"author":[{"embeddable":true,"href":"https:\/\/ibonitatis.com.br\/index.php?rest_route=\/wp\/v2\/users\/12"}],"replies":[{"embeddable":true,"href":"https:\/\/ibonitatis.com.br\/index.php?rest_route=%2Fwp%2Fv2%2Fcomments&post=787"}],"version-history":[{"count":2,"href":"https:\/\/ibonitatis.com.br\/index.php?rest_route=\/wp\/v2\/posts\/787\/revisions"}],"predecessor-version":[{"id":828,"href":"https:\/\/ibonitatis.com.br\/index.php?rest_route=\/wp\/v2\/posts\/787\/revisions\/828"}],"wp:featuredmedia":[{"embeddable":true,"href":"https:\/\/ibonitatis.com.br\/index.php?rest_route=\/wp\/v2\/media\/790"}],"wp:attachment":[{"href":"https:\/\/ibonitatis.com.br\/index.php?rest_route=%2Fwp%2Fv2%2Fmedia&parent=787"}],"wp:term":[{"taxonomy":"category","embeddable":true,"href":"https:\/\/ibonitatis.com.br\/index.php?rest_route=%2Fwp%2Fv2%2Fcategories&post=787"},{"taxonomy":"post_tag","embeddable":true,"href":"https:\/\/ibonitatis.com.br\/index.php?rest_route=%2Fwp%2Fv2%2Ftags&post=787"}],"curies":[{"name":"wp","href":"https:\/\/api.w.org\/{rel}","templated":true}]}}