{"id":829,"date":"2024-09-21T13:54:34","date_gmt":"2024-09-21T16:54:34","guid":{"rendered":"https:\/\/ibonitatis.com.br\/?p=829"},"modified":"2024-09-21T13:54:34","modified_gmt":"2024-09-21T16:54:34","slug":"memoria-futura","status":"publish","type":"post","link":"https:\/\/ibonitatis.com.br\/?p=829","title":{"rendered":"Mem\u00f3ria futura"},"content":{"rendered":"\n<p>O que se pensa ser uma boa educa\u00e7\u00e3o para os filhos? Letramento, habilidade em se expressar, desenvolvimento de dons art\u00edsticos, conhecimentos e habilidades em exatas, postura no agir e falar, boas maneiras, cortesia, corre\u00e7\u00e3o? Sim, tudo isso faz parte de uma boa Educa\u00e7\u00e3o, por\u00e9m se esquecer de exercitar a alma, nada valer\u00e1, ser\u00e1 como a palha que o vento leva.<\/p>\n\n\n\n<p>&nbsp;\u201cSe os bons ensinamentos se imprimem na alma quando esta \u00e9 tenra, logo, quando se tiverem endurecido como uma imagem, ningu\u00e9m ser\u00e1 capaz de os arrancar. \u00c9 o que acontece com a cera. Agora o tens em tuas m\u00e3os quando ainda teme, treme e se espanta com teu olhar, com uma palavra, com qualquer gesto teu. Usa o teu poder para o que conv\u00e9m.\u201d S\u00e3o Jo\u00e3o Cris\u00f3stomo.<\/p>\n\n\n\n<p>Acostumemos nossos filhos, desde tenra idade, a praticar o bem e rejeitar o mal, uma vez que h\u00e1bitos formados s\u00e3o dif\u00edceis de serem deixados. Os maus h\u00e1bitos, se enraizados, dificilmente ser\u00e3o convertidos em bons por palavras e exemplos tardios.<\/p>\n\n\n\n<p>Pais, as crian\u00e7as est\u00e3o constantemente atentas aos seus atos. Aproveitemos para catequiz\u00e1-las atrav\u00e9s deles. Repetindo os bons h\u00e1bitos, enraizando-os em suas almas. Ensine seu filho a ser piedoso, ensine-o a discernir o que \u00e9 nosso verdadeiro bem, sempre contando com o aux\u00edlio da gra\u00e7a.<\/p>\n\n\n\n<p>Uma alma alicer\u00e7ada far\u00e1 experi\u00eancias de f\u00e9 com aquilo que guardou na sua mem\u00f3ria, no seu cora\u00e7\u00e3o.<\/p>\n\n\n\n<p>Que nossos lares tenham conversas edificantes nas refei\u00e7\u00f5es; ora\u00e7\u00f5es ao acordar e ao dormir; leitura de salmos, cartas e Evangelhos; leituras da vida dos santos; ter\u00e7o em fam\u00edlia e a frequ\u00eancia \u00e0 Santa Missa. \u201cQue estas palavras que hoje te ordeno estejam em teu cora\u00e7\u00e3o! Tu as inculcar\u00e1s aos teus filhos, e delas falar\u00e1 sentado em tua casa e andando em teu caminho, deitado e de p\u00e9\u201d (Dt 6, 6-7).<\/p>\n\n\n\n<p>Como pais sejamos generosos, desprendidos e caridosos. A caridade n\u00e3o pode ser morta no lar, os filhos guardam no cora\u00e7\u00e3o o exemplo que lhes transmitimos e isso reflete na vida adulta deles. Que ajamos com f\u00e9 e esperan\u00e7a quando nos depararmos com a doen\u00e7a, velhice e morte, pois tudo \u00e9 registrado. Gastemos o nosso tempo lapidando essas almas emprestadas para devolv\u00ea-las belas no dia que nascerem no c\u00e9u.<\/p>\n\n\n\n<p>\u00c0s vezes a crian\u00e7a escutar\u00e1 sobre \u201camar na dimens\u00e3o da cruz\u201d, ou \u201co casamento santifica\u201d, ou \u201cquanto o Senhor me amou, morrendo por mim, quando eu ainda n\u00e3o o amava\u201d ou \u201cBendirei o Senhor em Todo o tempo, na minha boca sempre o seu louvor\u201d e lhe parecer\u00e1 vago, distante, mas no momento certo, essa lembran\u00e7a vir\u00e1 a sua mente e se far\u00e1 carne e experimentar\u00e1 o amor de Deus concretamente. Benditos aqueles em que se foi cultivada uma mem\u00f3ria futura.<\/p>\n\n\n\n<p>Trabalhemos para a santidade de nossos filhos, para que sejam contratados pela manh\u00e3 para trabalhar na vinha do Senhor sendo preservados de quedas, v\u00edcios e ofensas a Deus e assim poderem ouvir Dele: \u201cFilho, tu est\u00e1s sempre comigo, e tudo o que \u00e9 meu \u00e9 teu\u201d (Lc 15,31).<\/p>\n\n\n\n<p>Cooperemos com o aux\u00edlio da gra\u00e7a para o sonho de Deus de nos unirmos a Ele e chegarmos \u00e0 felicidade que Ele pensou para n\u00f3s e nossos filhos. Tendo feito a nossa parte e perseverando na ora\u00e7\u00e3o, n\u00e3o perturbemos o cora\u00e7\u00e3o, porque \u201cA semente, que dar\u00e1 fruto a seu tempo, n\u00e3o faz nenhum ru\u00eddo ao cair na terra!\u201d Antonio Royo Mar\u00edn.<\/p>\n","protected":false},"excerpt":{"rendered":"<p>O que se pensa ser uma boa educa\u00e7\u00e3o para os filhos? Letramento, habilidade em se expressar, desenvolvimento de dons art\u00edsticos, conhecimentos e habilidades em exatas, postura no agir e falar, boas maneiras, cortesia, corre\u00e7\u00e3o? Sim, tudo isso faz parte de uma boa Educa\u00e7\u00e3o, por\u00e9m se esquecer de exercitar a alma, nada valer\u00e1, ser\u00e1 como a [&hellip;]<\/p>\n","protected":false},"author":15,"featured_media":831,"comment_status":"open","ping_status":"open","sticky":false,"template":"","format":"standard","meta":{"_exactmetrics_skip_tracking":false,"_exactmetrics_sitenote_active":false,"_exactmetrics_sitenote_note":"","_exactmetrics_sitenote_category":0,"footnotes":""},"categories":[1],"tags":[77,78],"class_list":["post-829","post","type-post","status-publish","format-standard","has-post-thumbnail","hentry","category-geral","tag-educar-na-fe","tag-sao-joao-crisostomo"],"aioseo_notices":[],"_links":{"self":[{"href":"https:\/\/ibonitatis.com.br\/index.php?rest_route=\/wp\/v2\/posts\/829","targetHints":{"allow":["GET"]}}],"collection":[{"href":"https:\/\/ibonitatis.com.br\/index.php?rest_route=\/wp\/v2\/posts"}],"about":[{"href":"https:\/\/ibonitatis.com.br\/index.php?rest_route=\/wp\/v2\/types\/post"}],"author":[{"embeddable":true,"href":"https:\/\/ibonitatis.com.br\/index.php?rest_route=\/wp\/v2\/users\/15"}],"replies":[{"embeddable":true,"href":"https:\/\/ibonitatis.com.br\/index.php?rest_route=%2Fwp%2Fv2%2Fcomments&post=829"}],"version-history":[{"count":1,"href":"https:\/\/ibonitatis.com.br\/index.php?rest_route=\/wp\/v2\/posts\/829\/revisions"}],"predecessor-version":[{"id":830,"href":"https:\/\/ibonitatis.com.br\/index.php?rest_route=\/wp\/v2\/posts\/829\/revisions\/830"}],"wp:featuredmedia":[{"embeddable":true,"href":"https:\/\/ibonitatis.com.br\/index.php?rest_route=\/wp\/v2\/media\/831"}],"wp:attachment":[{"href":"https:\/\/ibonitatis.com.br\/index.php?rest_route=%2Fwp%2Fv2%2Fmedia&parent=829"}],"wp:term":[{"taxonomy":"category","embeddable":true,"href":"https:\/\/ibonitatis.com.br\/index.php?rest_route=%2Fwp%2Fv2%2Fcategories&post=829"},{"taxonomy":"post_tag","embeddable":true,"href":"https:\/\/ibonitatis.com.br\/index.php?rest_route=%2Fwp%2Fv2%2Ftags&post=829"}],"curies":[{"name":"wp","href":"https:\/\/api.w.org\/{rel}","templated":true}]}}