{"id":891,"date":"2024-10-12T10:51:15","date_gmt":"2024-10-12T13:51:15","guid":{"rendered":"https:\/\/ibonitatis.com.br\/?p=891"},"modified":"2024-10-12T10:51:17","modified_gmt":"2024-10-12T13:51:17","slug":"alem-de-mim","status":"publish","type":"post","link":"https:\/\/ibonitatis.com.br\/?p=891","title":{"rendered":"Al\u00e9m de mim"},"content":{"rendered":"\n<p>Um dia desses, uma paciente dividiu que havia escrito um artigo contando sua experi\u00eancia e permitindo que a compartilhasse. Ela foi diagnosticada, quando adulta, como autista. N\u00e3o h\u00e1 defici\u00eancias mentais ou intelectuais neste diagn\u00f3stico, mas sim sintomas relacionados \u00e0 intera\u00e7\u00e3o social; resist\u00eancia em sair da rotina; hiperfoco em determinados assuntos e instrumentos; inc\u00f4modo com barulhos e lugares agitados e restri\u00e7\u00f5es alimentares.<\/p>\n\n\n\n<p>Por muito tempo n\u00e3o foi compreendida pela fam\u00edlia sendo vista como crian\u00e7a mimada. Exigir dela determinadas a\u00e7\u00f5es por longo tempo foi um grande sofrimento sem finalidade.<\/p>\n\n\n\n<p>\u201cEu sou autista. Por longos anos eu n\u00e3o consegui entender de verdade o sentido da minha vida. Olhava para mim e enxergava somente a minha dor. At\u00e9 que em um dado momento eu me descobri amada por Deus e isso mudou muitas coisas. Sempre tive dificuldades que s\u00e3o pr\u00f3prias do Autismo. E eu as considerava muito grande, muito maior do que eu e achava que n\u00e3o tinha como super\u00e1-las, e as via como um monstro medonho e que a \u00fanica coisa que me restava era sobreviver a elas. E achava ainda que minhas dificuldades eram a \u00fanica coisa que existia em mim. Eu pensava que tinha problemas s\u00e9rios e sem solu\u00e7\u00e3o e s\u00f3 isso. \u201c<\/p>\n\n\n\n<p>Padre Ant\u00f4nio Vieira nos recorda que os olhos servem para duas coisas, para ver e para chorar. Quando choramos, n\u00e3o vemos, pois estamos voltados para os nossos sentimentos.<\/p>\n\n\n\n<p>Na terapia tomista se prop\u00f5e tarefas di\u00e1rias, mudan\u00e7a de h\u00e1bitos, busca das virtudes, melhorando o homem para alcan\u00e7ar o verdadeiro bem. Manias e dificuldades podem ser superadas trabalhando as pot\u00eancias da alma, contando com o aux\u00edlio da gra\u00e7a e se poss\u00edvel com a missa di\u00e1ria.<\/p>\n\n\n\n<p>Deus nos conhece minuciosamente, conhece as nossas dores; nossas dificuldades (\u00e0s vezes fisiol\u00f3gicas); nossas heran\u00e7as familiares, nossos traumas, nossas fragilidades, enfim nos conhece mais do que n\u00f3s mesmos e tendo o sonho de nos salvar far\u00e1 tudo, respeitando nossa liberdade, para que alcancemos o c\u00e9u, nos dando para isso a gra\u00e7a individualizada e necess\u00e1ria.<\/p>\n\n\n\n<p>\u201cE no meu processo terap\u00eautico eu descobri no autismo uma grande oportunidade de amar&#8230; e essa descoberta tem me ajudado a tentar superar minhas dificuldades. Entendi algo que me foi muito valioso&#8230; Deus me quis autista para que eu amasse a Ele e as pessoas ao meu redor de um jeito diferente, que uma pessoa que n\u00e3o \u00e9 autista n\u00e3o poderia faz\u00ea-lo.\u201d<\/p>\n\n\n\n<p>N\u00f3s, ao contr\u00e1rio dos animais podemos acolher a dor ou rejeitar o prazer tendo sempre em vista o bem sobrenatural. Isso exige uma ren\u00fancia de si. A intelig\u00eancia iluminada pela f\u00e9 gera frutos de amor para com Deus, para o pr\u00f3ximo e para si.<\/p>\n\n\n\n<p>\u201cEu trabalho como vendedora e eu sempre achava que n\u00e3o estava na profiss\u00e3o certa porque tinha muita dificuldade de lidar com as pessoas, n\u00e3o olho muito nos olhos, n\u00e3o gosto de conversar \u00e0s vezes, n\u00e3o gosto de ser tocada&#8230; ent\u00e3o, certamente vendas n\u00e3o poderia ser o meu lugar. Mas, h\u00e1 alguns dias, fiz uma venda especial que jamais me esquecerei&#8230; atendi um senhor que n\u00e3o conseguia cal\u00e7ar um sapato sozinho&#8230; eu n\u00e3o queria ajud\u00e1-lo porque teria que toc\u00e1-lo. Mas ele precisava, ele era importante e era tudo o que tinha naquele momento e ent\u00e3o eu precisava am\u00e1-lo. Ele era muit\u00edssimas vezes mais importante que minha dificuldade, ent\u00e3o fiz o que precisava ser feito e o calcei. E isso foi muito especial para mim. Foi uma dificuldade superada. Entendi ent\u00e3o, a frase de S\u00e3o Jo\u00e3o Paulo II &#8216;<em>O Amor me explicou tudo&#8217;<\/em>. E encontrei o sentido da minha vida.\u201d<\/p>\n\n\n\n<p>A f\u00e9 ilumina a intelig\u00eancia, cura a vontade e faz-nos buscar agradar ao \u00danico e Necess\u00e1rio bem que \u00e9 Deus.<\/p>\n","protected":false},"excerpt":{"rendered":"<p>Um dia desses, uma paciente dividiu que havia escrito um artigo contando sua experi\u00eancia e permitindo que a compartilhasse. Ela foi diagnosticada, quando adulta, como autista. N\u00e3o h\u00e1 defici\u00eancias mentais ou intelectuais neste diagn\u00f3stico, mas sim sintomas relacionados \u00e0 intera\u00e7\u00e3o social; resist\u00eancia em sair da rotina; hiperfoco em determinados assuntos e instrumentos; inc\u00f4modo com barulhos [&hellip;]<\/p>\n","protected":false},"author":4,"featured_media":893,"comment_status":"open","ping_status":"open","sticky":false,"template":"","format":"standard","meta":{"_exactmetrics_skip_tracking":false,"_exactmetrics_sitenote_active":false,"_exactmetrics_sitenote_note":"","_exactmetrics_sitenote_category":0,"footnotes":""},"categories":[1],"tags":[91,30,28,92],"class_list":["post-891","post","type-post","status-publish","format-standard","has-post-thumbnail","hentry","category-geral","tag-autismo","tag-sentido-da-vida","tag-sofrimento","tag-superacao"],"aioseo_notices":[],"_links":{"self":[{"href":"https:\/\/ibonitatis.com.br\/index.php?rest_route=\/wp\/v2\/posts\/891","targetHints":{"allow":["GET"]}}],"collection":[{"href":"https:\/\/ibonitatis.com.br\/index.php?rest_route=\/wp\/v2\/posts"}],"about":[{"href":"https:\/\/ibonitatis.com.br\/index.php?rest_route=\/wp\/v2\/types\/post"}],"author":[{"embeddable":true,"href":"https:\/\/ibonitatis.com.br\/index.php?rest_route=\/wp\/v2\/users\/4"}],"replies":[{"embeddable":true,"href":"https:\/\/ibonitatis.com.br\/index.php?rest_route=%2Fwp%2Fv2%2Fcomments&post=891"}],"version-history":[{"count":2,"href":"https:\/\/ibonitatis.com.br\/index.php?rest_route=\/wp\/v2\/posts\/891\/revisions"}],"predecessor-version":[{"id":902,"href":"https:\/\/ibonitatis.com.br\/index.php?rest_route=\/wp\/v2\/posts\/891\/revisions\/902"}],"wp:featuredmedia":[{"embeddable":true,"href":"https:\/\/ibonitatis.com.br\/index.php?rest_route=\/wp\/v2\/media\/893"}],"wp:attachment":[{"href":"https:\/\/ibonitatis.com.br\/index.php?rest_route=%2Fwp%2Fv2%2Fmedia&parent=891"}],"wp:term":[{"taxonomy":"category","embeddable":true,"href":"https:\/\/ibonitatis.com.br\/index.php?rest_route=%2Fwp%2Fv2%2Fcategories&post=891"},{"taxonomy":"post_tag","embeddable":true,"href":"https:\/\/ibonitatis.com.br\/index.php?rest_route=%2Fwp%2Fv2%2Ftags&post=891"}],"curies":[{"name":"wp","href":"https:\/\/api.w.org\/{rel}","templated":true}]}}