{"id":976,"date":"2024-11-16T10:07:55","date_gmt":"2024-11-16T13:07:55","guid":{"rendered":"https:\/\/ibonitatis.com.br\/?p=976"},"modified":"2024-11-16T10:07:56","modified_gmt":"2024-11-16T13:07:56","slug":"a-semeadura","status":"publish","type":"post","link":"https:\/\/ibonitatis.com.br\/?p=976","title":{"rendered":"A SEMEADURA"},"content":{"rendered":"\n<p>Ao reparar nas crian\u00e7as brincando \u00e9 poss\u00edvel notar que, especialmente os meninos, gostam muito de jogar os objetos para cima, seja no teto, na luz, no ventilador&#8230; principalmente se estiver ligado. Recentemente meu filho disse &#8220;M\u00e3e, olha, vou mandar o le\u00e3o l\u00e1 para o c\u00e9u&#8221; e jogou o bichinho.<\/p>\n\n\n\n<p>Que interessante! Os pequeninos, t\u00e3o amados por Jesus, amam olhar para cima, mirar o alto. N\u00e3o se contentam em brincar olhando apenas para os lados e para baixo. Eles miram o c\u00e9u e querem atingi-lo mesmo que seja com seus carrinhos, bichinhos, massinhas e, dessa forma, ficam muito felizes.<\/p>\n\n\n\n<p>Refletindo sobre isso lembrei-me do que ouvi sobre Santa Teresinha do Menino Jesus: \u201cEla vivia com os p\u00e9s na terra e a cabe\u00e7a no c\u00e9u. \u201d<\/p>\n\n\n\n<p>Acho que Santa Teresinha e os pequeninos nos ensinam que viver assim realmente \u00e9 necess\u00e1rio, ou melhor, \u00e9 vital!<\/p>\n\n\n\n<p>Nossa peregrina\u00e7\u00e3o terrestre \u00e9 muito dif\u00edcil, \u00e9 um semear todos os dias, o tempo todo. Semeamos o perd\u00e3o e a paz nos relacionamentos, a paci\u00eancia nas contrariedades, a esperan\u00e7a nos cora\u00e7\u00f5es desanimados e oprimidos. Semeamos virtudes na educa\u00e7\u00e3o dos filhos, a ora\u00e7\u00e3o em fam\u00edlia, a transcend\u00eancia no matrim\u00f4nio e etc &#8230;, a lista \u00e9 grande. A vida \u00e9 um constante semear, muitas vezes entre l\u00e1grimas, em solos pedregosos, cheios de espinhos, terra seca, pouco ou quase nada adubada. Com clima, \u00e0s vezes, nada favor\u00e1vel.<\/p>\n\n\n\n<p>Se n\u00e3o estivermos realmente com a cabe\u00e7a no c\u00e9u, todo o resto do nosso corpo n\u00e3o suporta o labor di\u00e1rio da semeadura. \u00c9 justamente o c\u00e9u que nos d\u00e1 o sentido, o sabor, a alegria de semear. \u00c9 o c\u00e9u tamb\u00e9m que nos d\u00e1 a verdadeira vis\u00e3o, o olhar ajustado e o entendimento dos acontecimentos adversos que permeiam os longos dias de trabalho.<\/p>\n\n\n\n<p>Nesse exerc\u00edcio crescemos no amor, na f\u00e9 e na esperan\u00e7a. Os efeitos dessa semeadura acontecem em n\u00f3s e no outro, pois enquanto olhamos para o outro com a esperan\u00e7a e a f\u00e9 de que ele possa germinar, vencer e dar frutos, n\u00f3s nos transformamos em uma pequena extens\u00e3o da fonte de \u00e1gua viva que \u00e9 Jesus, O Amor.<\/p>\n\n\n\n<p>Portanto, quando os dias come\u00e7am a perder o sabor e o semear perder o sentido, \u00e9 sinal de que precisamos voltar nossa cabe\u00e7a para o lugar dela. Lugar este designado por Deus: no topo! No alto, bem alto, no c\u00e9u!<\/p>\n\n\n\n<p>&#8220;\u00c9 Nele que toda a constru\u00e7\u00e3o se ajusta e se eleva&#8230;&#8221;&nbsp;Ef&nbsp;2,21<\/p>\n","protected":false},"excerpt":{"rendered":"<p>Ao reparar nas crian\u00e7as brincando \u00e9 poss\u00edvel notar que, especialmente os meninos, gostam muito de jogar os objetos para cima, seja no teto, na luz, no ventilador&#8230; principalmente se estiver ligado. Recentemente meu filho disse &#8220;M\u00e3e, olha, vou mandar o le\u00e3o l\u00e1 para o c\u00e9u&#8221; e jogou o bichinho. Que interessante! Os pequeninos, t\u00e3o amados [&hellip;]<\/p>\n","protected":false},"author":2,"featured_media":978,"comment_status":"open","ping_status":"open","sticky":false,"template":"","format":"standard","meta":{"_exactmetrics_skip_tracking":false,"_exactmetrics_sitenote_active":false,"_exactmetrics_sitenote_note":"","_exactmetrics_sitenote_category":0,"footnotes":""},"categories":[1],"tags":[99,100],"class_list":["post-976","post","type-post","status-publish","format-standard","has-post-thumbnail","hentry","category-geral","tag-semear","tag-transcender"],"aioseo_notices":[],"_links":{"self":[{"href":"https:\/\/ibonitatis.com.br\/index.php?rest_route=\/wp\/v2\/posts\/976","targetHints":{"allow":["GET"]}}],"collection":[{"href":"https:\/\/ibonitatis.com.br\/index.php?rest_route=\/wp\/v2\/posts"}],"about":[{"href":"https:\/\/ibonitatis.com.br\/index.php?rest_route=\/wp\/v2\/types\/post"}],"author":[{"embeddable":true,"href":"https:\/\/ibonitatis.com.br\/index.php?rest_route=\/wp\/v2\/users\/2"}],"replies":[{"embeddable":true,"href":"https:\/\/ibonitatis.com.br\/index.php?rest_route=%2Fwp%2Fv2%2Fcomments&post=976"}],"version-history":[{"count":2,"href":"https:\/\/ibonitatis.com.br\/index.php?rest_route=\/wp\/v2\/posts\/976\/revisions"}],"predecessor-version":[{"id":979,"href":"https:\/\/ibonitatis.com.br\/index.php?rest_route=\/wp\/v2\/posts\/976\/revisions\/979"}],"wp:featuredmedia":[{"embeddable":true,"href":"https:\/\/ibonitatis.com.br\/index.php?rest_route=\/wp\/v2\/media\/978"}],"wp:attachment":[{"href":"https:\/\/ibonitatis.com.br\/index.php?rest_route=%2Fwp%2Fv2%2Fmedia&parent=976"}],"wp:term":[{"taxonomy":"category","embeddable":true,"href":"https:\/\/ibonitatis.com.br\/index.php?rest_route=%2Fwp%2Fv2%2Fcategories&post=976"},{"taxonomy":"post_tag","embeddable":true,"href":"https:\/\/ibonitatis.com.br\/index.php?rest_route=%2Fwp%2Fv2%2Ftags&post=976"}],"curies":[{"name":"wp","href":"https:\/\/api.w.org\/{rel}","templated":true}]}}